{"id":26437,"date":"2022-04-26T09:23:47","date_gmt":"2022-04-26T14:23:47","guid":{"rendered":"https:\/\/encuentroinformativo.com.mx\/?p=26437"},"modified":"2022-04-26T09:23:50","modified_gmt":"2022-04-26T14:23:50","slug":"mi-hijo-es-un-chivo-expiatorio-asegura-madre-de-eduardo-n","status":"publish","type":"post","link":"https:\/\/encuentroinformativo.com.mx\/?p=26437","title":{"rendered":"\u201cMi hijo es un chivo expiatorio\u201d, asegura madre de Eduardo &#8220;N&#8221;"},"content":{"rendered":"\n<p><strong>Alejandro \u00c1vila<\/strong><\/p>\n\n\n\n<p>Veracruz, Ver.- La se\u00f1ora Mercedes Gamboa Arenas madre de Eduardo &#8220;N&#8221;, qui\u00e9n fue detenido este lunes por elementos de la Fiscal\u00eda General de Veracruz, por el presunto asesinato de Jos\u00e9 Luis Gamboa Arenas, denunci\u00f3 una violaci\u00f3n total a los Derechos Humanos de su hijo.<\/p>\n\n\n\n<p>En un audio enviado a familiares y amigos, la acongojada madre relat\u00f3 lo sucedido la tarde de este lunes en el fraccionamiento Floresta.<\/p>\n\n\n\n<p>&#8220;Amigos, no hab\u00eda dicho nada porque no sab\u00eda yo exactamente lo que estaba pasando, a mi hijo lo levantaron cerca de las 4 de la tarde a pocos metros de mi casa, vi c\u00f3mo se lo llevaban y en otra camioneta corretearon a mi otro hijo con una pistola en la mano. Mi hijo Eduardo se acaba de comunicar con nosotros para decirnos que lo tienen en Xalapa detenido, que ma\u00f1ana lo quiren remitir a Pacho Viejo, lo est\u00e1n culpando de la muerte de mi hermano, lo est\u00e1n agarrando de &#8216;chivo expiatorio&#8217;, porque no han hecho el trabajo que deben de hacer por parte de la Fiscal\u00eda&#8221;, denunci\u00f3 la madre.<\/p>\n\n\n\n<p>Mercedes Gamboa solicit\u00f3 el apoyo de la sociedad para hacer viral su denuncia y se evite una injusticia en contra de su hijo.<\/p>\n\n\n\n<p>Es de mencionar qu\u00e9, Jos\u00e9 Luis Gamboa Arenas fue asesinado el pasado la madrugada del pasado 10 de enero en el fraccionamiento Floresta de la ciudad de Veracruz, en su cuerpo fueron encontrar diversas heridas con arma blanca, qu\u00e9 presuntamente habr\u00edan provocado la muerte.<\/p>\n\n\n\n<p>La Comisi\u00f3n Estatal para la Atenci\u00f3n y Protecci\u00f3n a Periodistas (CEAPP), env\u00ed\u00f3 un comunicado este martes por la ma\u00f1ana, d\u00f3nde confirma que le fue notificado que, las l\u00edneas de investigaci\u00f3n del caso no tienen nada que ver con su ejercicio period\u00edstico, por lo que aseguraron se mantendr\u00e1n atentos al caso, pero al margen de la situaci\u00f3n.<\/p>\n","protected":false},"excerpt":{"rendered":"<p>Alejandro \u00c1vila Veracruz, Ver.- La se\u00f1ora Mercedes Gamboa Arenas madre de Eduardo &#8220;N&#8221;, qui\u00e9n fue detenido este lunes por elementos de la Fiscal\u00eda General de Veracruz, por el presunto asesinato de Jos\u00e9 Luis Gamboa Arenas, denunci\u00f3 una violaci\u00f3n total a los Derechos Humanos de su hijo. En un audio enviado a familiares y amigos, la [&hellip;]<\/p>\n","protected":false},"author":1,"featured_media":26438,"comment_status":"open","ping_status":"open","sticky":false,"template":"","format":"standard","meta":{"_jetpack_memberships_contains_paid_content":false,"footnotes":""},"categories":[14],"tags":[],"class_list":["post-26437","post","type-post","status-publish","format-standard","has-post-thumbnail","hentry","category-policiaca"],"jetpack_featured_media_url":"https:\/\/encuentroinformativo.com.mx\/wp-content\/uploads\/2022\/04\/AFF98CF4-9CE7-4D3A-A2E1-731284AC76B5.jpeg","jetpack_sharing_enabled":true,"jetpack_likes_enabled":true,"amp_enabled":true,"_links":{"self":[{"href":"https:\/\/encuentroinformativo.com.mx\/index.php?rest_route=\/wp\/v2\/posts\/26437","targetHints":{"allow":["GET"]}}],"collection":[{"href":"https:\/\/encuentroinformativo.com.mx\/index.php?rest_route=\/wp\/v2\/posts"}],"about":[{"href":"https:\/\/encuentroinformativo.com.mx\/index.php?rest_route=\/wp\/v2\/types\/post"}],"author":[{"embeddable":true,"href":"https:\/\/encuentroinformativo.com.mx\/index.php?rest_route=\/wp\/v2\/users\/1"}],"replies":[{"embeddable":true,"href":"https:\/\/encuentroinformativo.com.mx\/index.php?rest_route=%2Fwp%2Fv2%2Fcomments&post=26437"}],"version-history":[{"count":1,"href":"https:\/\/encuentroinformativo.com.mx\/index.php?rest_route=\/wp\/v2\/posts\/26437\/revisions"}],"predecessor-version":[{"id":26439,"href":"https:\/\/encuentroinformativo.com.mx\/index.php?rest_route=\/wp\/v2\/posts\/26437\/revisions\/26439"}],"wp:featuredmedia":[{"embeddable":true,"href":"https:\/\/encuentroinformativo.com.mx\/index.php?rest_route=\/wp\/v2\/media\/26438"}],"wp:attachment":[{"href":"https:\/\/encuentroinformativo.com.mx\/index.php?rest_route=%2Fwp%2Fv2%2Fmedia&parent=26437"}],"wp:term":[{"taxonomy":"category","embeddable":true,"href":"https:\/\/encuentroinformativo.com.mx\/index.php?rest_route=%2Fwp%2Fv2%2Fcategories&post=26437"},{"taxonomy":"post_tag","embeddable":true,"href":"https:\/\/encuentroinformativo.com.mx\/index.php?rest_route=%2Fwp%2Fv2%2Ftags&post=26437"}],"curies":[{"name":"wp","href":"https:\/\/api.w.org\/{rel}","templated":true}]}}