{"id":26450,"date":"2022-04-26T12:34:17","date_gmt":"2022-04-26T17:34:17","guid":{"rendered":"https:\/\/encuentroinformativo.com.mx\/?p=26450"},"modified":"2022-04-26T12:34:20","modified_gmt":"2022-04-26T17:34:20","slug":"pt-responsabiliza-a-ssp-y-fiscalia-por-violencia-en-veracruz","status":"publish","type":"post","link":"https:\/\/encuentroinformativo.com.mx\/?p=26450","title":{"rendered":"PT responsabiliza a SSP y Fiscal\u00eda por violencia en Veracruz"},"content":{"rendered":"\n<p><strong>Dar\u00edo Pale <\/strong><\/p>\n\n\n\n<p>Xalapa, Ver.- El coordinador de la Comisi\u00f3n Ejecutiva Estatal del Partido del Trabajo (PT), Vicente Aguilar Aguilar dio a conocer que la violencia en Veracruz es porque la Secretar\u00eda  de Seguridad P\u00fablica (SSP) ni la Fiscal\u00eda General del Estado (FGE) hacen su trabajo, pese a ello coment\u00f3 que el Gobernador no es responsable de ello.<\/p>\n\n\n\n<p>En conferencia de prensa se\u00f1al\u00f3 que pese a que las cifras de mujeres, sobre todo menores desaparecidas que dio a conocer el Observatorio Universitario de Violencias contra las Mujeres, el dirigente justific\u00f3 el trabajo hecho por el gobernador Cuitl\u00e1huac Garc\u00eda Jim\u00e9nez para disminuir la incidencia delictiva, pero no el de todos los integrantes de su gabinete.<\/p>\n\n\n\n<p>No obstante critic\u00f3 el incremento de delitos cometidos contra las mujeres en estados como Nuevo Le\u00f3n, sin observar los datos de Veracruz, que tan s\u00f3lo el Observatorio dio a conocer que a marzo de este a\u00f1o han ocurrido 160 desapariciones de mujeres.<\/p>\n\n\n\n<p>\u201cYo dir\u00eda que Veracruz est\u00e1 entre los estados con ese tipo de delitos. Cu\u00e1l debe ser la exigencia, pedirle a la Fiscal\u00eda que haga las investigaciones. Yo no voy a defender a este gobierno, pero hay que reconocer que no le puede poner un polic\u00eda a cada ciudadano&#8221;, se\u00f1al\u00f3.<\/p>\n\n\n\n<p>&#8220;No ser\u00eda al Gobernador (a quien se le responsabilice), ser\u00eda a la Fiscal\u00eda y a Seguridad P\u00fablica que es la encargada de seguridad&#8230; si no se ponen de acuerdo (instituciones de seguridad), esto va a seguir igual, \u00bfpor qu\u00e9 el Gobernador es omiso?, yo dir\u00eda que no es de omisiones, es falta de capacidad de sus servidores&#8221;, agreg\u00f3.<\/p>\n\n\n\n<p>Aguilar Aguilar consider\u00f3 que quien tiene la culpa del incremento de algunos delitos es la SSP, \u00a0incluso el Ej\u00e9rcito Mexicano.<\/p>\n\n\n\n<p>Finalmente dio a conocer que, &#8220;yo no veo por qu\u00e9 echarle la culpa (al Ejecutivo) en temas que no le competen al Gobernador y no lo defiendo, pero si a m\u00ed me dicen que la Fiscal\u00eda no est\u00e1 investigando los delitos, estoy de acuerdo&#8221;.<\/p>\n","protected":false},"excerpt":{"rendered":"<p>Dar\u00edo Pale Xalapa, Ver.- El coordinador de la Comisi\u00f3n Ejecutiva Estatal del Partido del Trabajo (PT), Vicente Aguilar Aguilar dio a conocer que la violencia en Veracruz es porque la Secretar\u00eda de Seguridad P\u00fablica (SSP) ni la Fiscal\u00eda General del Estado (FGE) hacen su trabajo, pese a ello coment\u00f3 que el Gobernador no es responsable [&hellip;]<\/p>\n","protected":false},"author":1,"featured_media":26451,"comment_status":"open","ping_status":"open","sticky":false,"template":"","format":"standard","meta":{"_jetpack_memberships_contains_paid_content":false,"footnotes":""},"categories":[2],"tags":[],"class_list":["post-26450","post","type-post","status-publish","format-standard","has-post-thumbnail","hentry","category-estado"],"jetpack_featured_media_url":"https:\/\/encuentroinformativo.com.mx\/wp-content\/uploads\/2022\/04\/C42DC954-D96B-4D2A-997E-2025DBF3B564.jpeg","jetpack_sharing_enabled":true,"jetpack_likes_enabled":true,"amp_enabled":true,"_links":{"self":[{"href":"https:\/\/encuentroinformativo.com.mx\/index.php?rest_route=\/wp\/v2\/posts\/26450","targetHints":{"allow":["GET"]}}],"collection":[{"href":"https:\/\/encuentroinformativo.com.mx\/index.php?rest_route=\/wp\/v2\/posts"}],"about":[{"href":"https:\/\/encuentroinformativo.com.mx\/index.php?rest_route=\/wp\/v2\/types\/post"}],"author":[{"embeddable":true,"href":"https:\/\/encuentroinformativo.com.mx\/index.php?rest_route=\/wp\/v2\/users\/1"}],"replies":[{"embeddable":true,"href":"https:\/\/encuentroinformativo.com.mx\/index.php?rest_route=%2Fwp%2Fv2%2Fcomments&post=26450"}],"version-history":[{"count":1,"href":"https:\/\/encuentroinformativo.com.mx\/index.php?rest_route=\/wp\/v2\/posts\/26450\/revisions"}],"predecessor-version":[{"id":26452,"href":"https:\/\/encuentroinformativo.com.mx\/index.php?rest_route=\/wp\/v2\/posts\/26450\/revisions\/26452"}],"wp:featuredmedia":[{"embeddable":true,"href":"https:\/\/encuentroinformativo.com.mx\/index.php?rest_route=\/wp\/v2\/media\/26451"}],"wp:attachment":[{"href":"https:\/\/encuentroinformativo.com.mx\/index.php?rest_route=%2Fwp%2Fv2%2Fmedia&parent=26450"}],"wp:term":[{"taxonomy":"category","embeddable":true,"href":"https:\/\/encuentroinformativo.com.mx\/index.php?rest_route=%2Fwp%2Fv2%2Fcategories&post=26450"},{"taxonomy":"post_tag","embeddable":true,"href":"https:\/\/encuentroinformativo.com.mx\/index.php?rest_route=%2Fwp%2Fv2%2Ftags&post=26450"}],"curies":[{"name":"wp","href":"https:\/\/api.w.org\/{rel}","templated":true}]}}