{"id":26453,"date":"2022-04-26T13:49:59","date_gmt":"2022-04-26T18:49:59","guid":{"rendered":"https:\/\/encuentroinformativo.com.mx\/?p=26453"},"modified":"2022-04-26T13:50:03","modified_gmt":"2022-04-26T18:50:03","slug":"efectuaran-plan-integral-de-busqueda-de-personas","status":"publish","type":"post","link":"https:\/\/encuentroinformativo.com.mx\/?p=26453","title":{"rendered":"Efectuar\u00e1n plan integral de b\u00fasqueda de personas"},"content":{"rendered":"\n<p><strong>Dar\u00edo Pale<\/strong><\/p>\n\n\n\n<p>Xalapa, Ver.- Van a presentar un plan de trabajo para la b\u00fasqueda de personas en las zonas centro y sur del Estado, as\u00ed lo inform\u00f3 la encargada de la Comisi\u00f3n Estatal de B\u00fasqueda de Personas Desaparecidas, Brenda Cer\u00f3n Chagoya.<\/p>\n\n\n\n<p>En entrevista se\u00f1al\u00f3 que, &#8220;vamos a dar arranque en las pr\u00f3ximas semanas con un plan integral en la zona sur y en la zona centro haremos una propuesta de trabajo para esta zona con los colectivos&#8221;.<\/p>\n\n\n\n<p>Dio a conocer que en la zona sur har\u00e1n b\u00fasqueda en un lugar de alrededor de 40 hect\u00e1reas, por lo que se llevar\u00e1n bastante tiempo en la revisi\u00f3n.<\/p>\n\n\n\n<p>Expuso que no se puede dar a conocer el lugar por la seguridad de las propias familias que llevan a cabo las b\u00fasquedas.<\/p>\n\n\n\n<p>En la zona centro dijo que tambi\u00e9n ser\u00e1 en un \u00e1rea grande, por lo que en ambos se llevar\u00e1n bastante tiempo, pero participar\u00e1n varios colectivos.<\/p>\n\n\n\n<p>Finamente en cuanto a las fosas comunes se\u00f1al\u00f3 que ser\u00e1 la Fiscal\u00eda General del Estado (FGE) la que tiene que llevar a cabo la revisi\u00f3n de la documentaci\u00f3n que existe y tienen que coincidir con las fichas t\u00e9cnicas de lo que est\u00e1 en la fosa com\u00fan.<\/p>\n","protected":false},"excerpt":{"rendered":"<p>Dar\u00edo Pale Xalapa, Ver.- Van a presentar un plan de trabajo para la b\u00fasqueda de personas en las zonas centro y sur del Estado, as\u00ed lo inform\u00f3 la encargada de la Comisi\u00f3n Estatal de B\u00fasqueda de Personas Desaparecidas, Brenda Cer\u00f3n Chagoya. En entrevista se\u00f1al\u00f3 que, &#8220;vamos a dar arranque en las pr\u00f3ximas semanas con un [&hellip;]<\/p>\n","protected":false},"author":1,"featured_media":26454,"comment_status":"open","ping_status":"open","sticky":false,"template":"","format":"standard","meta":{"_jetpack_memberships_contains_paid_content":false,"footnotes":""},"categories":[2],"tags":[],"class_list":["post-26453","post","type-post","status-publish","format-standard","has-post-thumbnail","hentry","category-estado"],"jetpack_featured_media_url":"https:\/\/encuentroinformativo.com.mx\/wp-content\/uploads\/2022\/04\/B3FFCA02-AA6A-413F-99D2-F1095DB8CDE7.jpeg","jetpack_sharing_enabled":true,"jetpack_likes_enabled":true,"amp_enabled":true,"_links":{"self":[{"href":"https:\/\/encuentroinformativo.com.mx\/index.php?rest_route=\/wp\/v2\/posts\/26453","targetHints":{"allow":["GET"]}}],"collection":[{"href":"https:\/\/encuentroinformativo.com.mx\/index.php?rest_route=\/wp\/v2\/posts"}],"about":[{"href":"https:\/\/encuentroinformativo.com.mx\/index.php?rest_route=\/wp\/v2\/types\/post"}],"author":[{"embeddable":true,"href":"https:\/\/encuentroinformativo.com.mx\/index.php?rest_route=\/wp\/v2\/users\/1"}],"replies":[{"embeddable":true,"href":"https:\/\/encuentroinformativo.com.mx\/index.php?rest_route=%2Fwp%2Fv2%2Fcomments&post=26453"}],"version-history":[{"count":1,"href":"https:\/\/encuentroinformativo.com.mx\/index.php?rest_route=\/wp\/v2\/posts\/26453\/revisions"}],"predecessor-version":[{"id":26455,"href":"https:\/\/encuentroinformativo.com.mx\/index.php?rest_route=\/wp\/v2\/posts\/26453\/revisions\/26455"}],"wp:featuredmedia":[{"embeddable":true,"href":"https:\/\/encuentroinformativo.com.mx\/index.php?rest_route=\/wp\/v2\/media\/26454"}],"wp:attachment":[{"href":"https:\/\/encuentroinformativo.com.mx\/index.php?rest_route=%2Fwp%2Fv2%2Fmedia&parent=26453"}],"wp:term":[{"taxonomy":"category","embeddable":true,"href":"https:\/\/encuentroinformativo.com.mx\/index.php?rest_route=%2Fwp%2Fv2%2Fcategories&post=26453"},{"taxonomy":"post_tag","embeddable":true,"href":"https:\/\/encuentroinformativo.com.mx\/index.php?rest_route=%2Fwp%2Fv2%2Ftags&post=26453"}],"curies":[{"name":"wp","href":"https:\/\/api.w.org\/{rel}","templated":true}]}}