{"id":26460,"date":"2022-04-26T15:23:57","date_gmt":"2022-04-26T20:23:57","guid":{"rendered":"https:\/\/encuentroinformativo.com.mx\/?p=26460"},"modified":"2022-04-26T15:24:01","modified_gmt":"2022-04-26T20:24:01","slug":"sigue-sequia-en-laguna-el-farallon","status":"publish","type":"post","link":"https:\/\/encuentroinformativo.com.mx\/?p=26460","title":{"rendered":"Sigue sequ\u00eda en Laguna El Farall\u00f3n"},"content":{"rendered":"\n<p><strong>Juan Arcos\u00a0<\/strong><\/p>\n\n\n\n<p>Actopan, Ver.- Durante esta temporada de estiaje se sec\u00f3 completamente la laguna El Farall\u00f3n, ubicada en el municipio de Actopan.<\/p>\n\n\n\n<p>La fuerte lluvia registrada durante la madrugada del s\u00e1bado 23 de abril \u201cpint\u00f3\u201d s\u00f3lo una parte de las 180 hect\u00e1reas que abarcaba el cuerpo de agua y cuya aridez se observa desde la carretera federal 180 Cardel-Poza Rica, mejor conocida como la \u201cCostera del Golfo\u201d.<\/p>\n\n\n\n<p>Las lanchas lucen abandonadas. Algunas est\u00e1n volteadas por desuso, pues no la gente no ha podido pescar en el sitio desde febrero de 2021.<\/p>\n\n\n\n<p>Desde el a\u00f1o pasado se denunci\u00f3 p\u00fablicamente el problema, se llevaron a cabo acciones por parte de la Secretar\u00eda de Medio Ambiente (Sedema) que resultaron insuficientes para salvar la laguna.<\/p>\n\n\n\n<p>\u201cHicieron la limpieza de algunas hect\u00e1reas y se llevaron a cabo acciones de reforestaci\u00f3n en un tramo de seis a diez hect\u00e1reas. Esa es la \u00fanica acci\u00f3n en las inmediaciones de la laguna, que ha estado seca desde enero del a\u00f1o pasado\u201d, comentan los pobladores.<\/p>\n\n\n\n<p>Ahora solo hay devastaci\u00f3n. Los caracoles y las tortugas murieron y sus caparazones se observan sobre la tierra seca que alg\u00fan d\u00eda fue el fondo del humedal.<\/p>\n\n\n\n<p>Se sembraron entre 10 y 15 mil \u00e1rboles en el cuerpo lagunar por parte de la Sedema. Tambi\u00e9n en la localidad San Juan Villa Rica fueron plantados 33 mil \u00e1rboles end\u00e9micos, pero ha habido dos incendios y \u00e9stos se han perdido.<\/p>\n\n\n\n<p>Los incendios afectaron a las comunidades de Palmas de Abajo, Palmas de Arriba, Tinajitas y San Juan Villa Rica.<\/p>\n\n\n\n<p>Eran m\u00e1s de 50 familias las que subsist\u00edan de la actividad pesquera en dicha laguna, pero m\u00e1s de la mitad han migrado en busca de un empleo.<\/p>\n\n\n\n<p>El pescado se muri\u00f3 pese a que estuvieron deposit\u00e1ndose miles de alevines para su reproducci\u00f3n. Solo sirvieron para alimento se las aves.<\/p>\n\n\n\n<p>\u201cLa siembra de alevines que hicimos con voluntad de un acuacultor de la zona sirvi\u00f3 para alimento de las aves y eso nos dej\u00f3 de consuelo, no se perdieron en vano, tambi\u00e9n los animales tienen derecho de comer\u201d, refieren.<\/p>\n\n\n\n<p>Desde una zona restaurantera se camina un kil\u00f3metro donde hay \u00e1rboles de una altura menor a los 30 cent\u00edmetros que fueron sembrados para rescatar la laguna, pero ya no hay agua.<\/p>\n\n\n\n<p>\u201cHab\u00eda alevines reproductores y para engorda, hab\u00eda de todo, hab\u00eda diferentes especies porque hab\u00eda mojarra tilapia y pargo cerezo, de diferentes tama\u00f1os de entre una y diez pulgadas de tama\u00f1o\u201d, afirman.<\/p>\n\n\n\n<p>Las autoridades apuestan a que llueva fuertemente en la regi\u00f3n para que vuelva el agua a la laguna pero carecen de un plan de acci\u00f3n para lograr el objetivo.<\/p>\n\n\n\n<p>\u201cLloviendo se recuperar\u00e1 un poco pero ya lo vimos el 18 de junio, que fue cuando llovi\u00f3 e hicimos la siembra de alevines, pasaron tres o cuatro meses y se volvi\u00f3 a perder\u201d, a\u00f1aden.<\/p>\n","protected":false},"excerpt":{"rendered":"<p>Juan Arcos\u00a0 Actopan, Ver.- Durante esta temporada de estiaje se sec\u00f3 completamente la laguna El Farall\u00f3n, ubicada en el municipio de Actopan. La fuerte lluvia registrada durante la madrugada del s\u00e1bado 23 de abril \u201cpint\u00f3\u201d s\u00f3lo una parte de las 180 hect\u00e1reas que abarcaba el cuerpo de agua y cuya aridez se observa desde la [&hellip;]<\/p>\n","protected":false},"author":1,"featured_media":26461,"comment_status":"open","ping_status":"open","sticky":false,"template":"","format":"standard","meta":{"_jetpack_memberships_contains_paid_content":false,"footnotes":""},"categories":[8],"tags":[],"class_list":["post-26460","post","type-post","status-publish","format-standard","has-post-thumbnail","hentry","category-region"],"jetpack_featured_media_url":"https:\/\/encuentroinformativo.com.mx\/wp-content\/uploads\/2022\/04\/248E9927-D315-4BED-BF73-81B01CAA0370.jpeg","jetpack_sharing_enabled":true,"jetpack_likes_enabled":true,"amp_enabled":true,"_links":{"self":[{"href":"https:\/\/encuentroinformativo.com.mx\/index.php?rest_route=\/wp\/v2\/posts\/26460","targetHints":{"allow":["GET"]}}],"collection":[{"href":"https:\/\/encuentroinformativo.com.mx\/index.php?rest_route=\/wp\/v2\/posts"}],"about":[{"href":"https:\/\/encuentroinformativo.com.mx\/index.php?rest_route=\/wp\/v2\/types\/post"}],"author":[{"embeddable":true,"href":"https:\/\/encuentroinformativo.com.mx\/index.php?rest_route=\/wp\/v2\/users\/1"}],"replies":[{"embeddable":true,"href":"https:\/\/encuentroinformativo.com.mx\/index.php?rest_route=%2Fwp%2Fv2%2Fcomments&post=26460"}],"version-history":[{"count":1,"href":"https:\/\/encuentroinformativo.com.mx\/index.php?rest_route=\/wp\/v2\/posts\/26460\/revisions"}],"predecessor-version":[{"id":26462,"href":"https:\/\/encuentroinformativo.com.mx\/index.php?rest_route=\/wp\/v2\/posts\/26460\/revisions\/26462"}],"wp:featuredmedia":[{"embeddable":true,"href":"https:\/\/encuentroinformativo.com.mx\/index.php?rest_route=\/wp\/v2\/media\/26461"}],"wp:attachment":[{"href":"https:\/\/encuentroinformativo.com.mx\/index.php?rest_route=%2Fwp%2Fv2%2Fmedia&parent=26460"}],"wp:term":[{"taxonomy":"category","embeddable":true,"href":"https:\/\/encuentroinformativo.com.mx\/index.php?rest_route=%2Fwp%2Fv2%2Fcategories&post=26460"},{"taxonomy":"post_tag","embeddable":true,"href":"https:\/\/encuentroinformativo.com.mx\/index.php?rest_route=%2Fwp%2Fv2%2Ftags&post=26460"}],"curies":[{"name":"wp","href":"https:\/\/api.w.org\/{rel}","templated":true}]}}