{"id":26476,"date":"2022-04-26T17:40:54","date_gmt":"2022-04-26T22:40:54","guid":{"rendered":"https:\/\/encuentroinformativo.com.mx\/?p=26476"},"modified":"2022-04-26T19:45:50","modified_gmt":"2022-04-27T00:45:50","slug":"regresa-carnaval-de-jalcomulco","status":"publish","type":"post","link":"https:\/\/encuentroinformativo.com.mx\/?p=26476","title":{"rendered":"Regresa Carnaval de Jalcomulco"},"content":{"rendered":"\n<p><strong>Dar\u00edo Pale <\/strong><\/p>\n\n\n\n<p>Xalapa, Ver.- Regresa el Carnaval de Jalcomulco despu\u00e9s de dos a\u00f1os de estar suspendido y se realizar\u00e1 el 3 al 5 de junio, as\u00ed lo dio a conocer Jorge Alberto Mil\u00e1n Tejeda Director de turismo municipal.<\/p>\n\n\n\n<p>En conferencia de prensa se\u00f1al\u00f3 que, invitan a la ciudadan\u00eda para que asista al carnaval de Jalcomulco el cual iniciar\u00e1 con la quema del mal humor y la coronaci\u00f3n de la reina, posteriormente, el s\u00e1bado por la tarde y el domingo se realizar\u00e1n los desfiles aleg\u00f3ricos.<\/p>\n\n\n\n<p>La expectativa que tienen es de recibir durante estos tres d\u00edas a aproximadamente 10 mil personas, lo que representar\u00eda un promedio de m\u00e1s de 3 mil personas por d\u00eda, record\u00f3 que el carnaval inici\u00f3 en el a\u00f1o 2000 y despu\u00e9s de dos a\u00f1os que fue suspendido por la pandemia se retoma de nuevo.<\/p>\n\n\n\n<p>Con estas acciones esperan catapultar de nuevo al municipio como lo fue a\u00f1os atr\u00e1s, por lo que de esta forma, durante los tres d\u00edas de fiesta se reactivar\u00e1 la econom\u00eda en dicha localidad, a trav\u00e9s de la gastronom\u00eda y las actividades tur\u00edsticas, y record\u00f3 que en Semana Santa se recuperaron un poco.<\/p>\n\n\n\n<p>Jalcomulco se encuentra a 45 minutos de Xalapa y cuenta con hoteles y caba\u00f1as para hospedarse, destacaron los organizadores, as\u00ed como platillos t\u00edpicos como son los tamales t\u00edpicos de la zona que son los el Tempispi, o el Tlatonile de Camar\u00f3n.<\/p>\n\n\n\n<p>Contar\u00e1n con todos los protocolos de sanidad donde estar\u00e1n aplicando gel y se les tomar\u00e1 la temperatura, colocar\u00e1n los tapetes sanitizantes \u00a0y ver que las personas ya est\u00e9n vacunadas.<\/p>\n\n\n\n<p>La venta de alcohol ser\u00e1 limitada ya que en Jalcomulco no s\u00f3lo ofrecen bebidas embriagantes y no quieren que sea una cantina enorme ya que hay otras cosas m\u00e1s de esparcimiento y gastronom\u00eda.<\/p>\n\n\n\n<p>Finalmente coment\u00f3 que si se presentar\u00e1 alg\u00fan tipo de alerta con respecto a la salud de los ciudadanos tomar\u00edan medidas seguras y en caso de que se tenga que cancelar alg\u00fan evento lo har\u00e1n ya que primero est\u00e1 la salud y despu\u00e9s la diversi\u00f3n.<\/p>\n","protected":false},"excerpt":{"rendered":"<p>Dar\u00edo Pale Xalapa, Ver.- Regresa el Carnaval de Jalcomulco despu\u00e9s de dos a\u00f1os de estar suspendido y se realizar\u00e1 el 3 al 5 de junio, as\u00ed lo dio a conocer Jorge Alberto Mil\u00e1n Tejeda Director de turismo municipal. En conferencia de prensa se\u00f1al\u00f3 que, invitan a la ciudadan\u00eda para que asista al carnaval de Jalcomulco [&hellip;]<\/p>\n","protected":false},"author":1,"featured_media":26477,"comment_status":"open","ping_status":"open","sticky":false,"template":"","format":"standard","meta":{"_jetpack_memberships_contains_paid_content":false,"footnotes":""},"categories":[8],"tags":[],"class_list":["post-26476","post","type-post","status-publish","format-standard","has-post-thumbnail","hentry","category-region"],"jetpack_featured_media_url":"https:\/\/encuentroinformativo.com.mx\/wp-content\/uploads\/2022\/04\/9B400991-FD7E-441C-BF86-964A62452258.jpeg","jetpack_sharing_enabled":true,"jetpack_likes_enabled":true,"amp_enabled":true,"_links":{"self":[{"href":"https:\/\/encuentroinformativo.com.mx\/index.php?rest_route=\/wp\/v2\/posts\/26476","targetHints":{"allow":["GET"]}}],"collection":[{"href":"https:\/\/encuentroinformativo.com.mx\/index.php?rest_route=\/wp\/v2\/posts"}],"about":[{"href":"https:\/\/encuentroinformativo.com.mx\/index.php?rest_route=\/wp\/v2\/types\/post"}],"author":[{"embeddable":true,"href":"https:\/\/encuentroinformativo.com.mx\/index.php?rest_route=\/wp\/v2\/users\/1"}],"replies":[{"embeddable":true,"href":"https:\/\/encuentroinformativo.com.mx\/index.php?rest_route=%2Fwp%2Fv2%2Fcomments&post=26476"}],"version-history":[{"count":1,"href":"https:\/\/encuentroinformativo.com.mx\/index.php?rest_route=\/wp\/v2\/posts\/26476\/revisions"}],"predecessor-version":[{"id":26478,"href":"https:\/\/encuentroinformativo.com.mx\/index.php?rest_route=\/wp\/v2\/posts\/26476\/revisions\/26478"}],"wp:featuredmedia":[{"embeddable":true,"href":"https:\/\/encuentroinformativo.com.mx\/index.php?rest_route=\/wp\/v2\/media\/26477"}],"wp:attachment":[{"href":"https:\/\/encuentroinformativo.com.mx\/index.php?rest_route=%2Fwp%2Fv2%2Fmedia&parent=26476"}],"wp:term":[{"taxonomy":"category","embeddable":true,"href":"https:\/\/encuentroinformativo.com.mx\/index.php?rest_route=%2Fwp%2Fv2%2Fcategories&post=26476"},{"taxonomy":"post_tag","embeddable":true,"href":"https:\/\/encuentroinformativo.com.mx\/index.php?rest_route=%2Fwp%2Fv2%2Ftags&post=26476"}],"curies":[{"name":"wp","href":"https:\/\/api.w.org\/{rel}","templated":true}]}}