{"id":2648,"date":"2020-05-19T10:22:59","date_gmt":"2020-05-19T15:22:59","guid":{"rendered":"https:\/\/encuentroinformativo.com\/?p=2648"},"modified":"2020-05-19T10:23:02","modified_gmt":"2020-05-19T15:23:02","slug":"diputados-con-primaria","status":"publish","type":"post","link":"https:\/\/encuentroinformativo.com.mx\/?p=2648","title":{"rendered":"Diputados \u201ccon primaria\u201d"},"content":{"rendered":"\n<p><strong>Los Pol\u00edticos<\/strong>\u00a0<\/p>\n\n\n\n<p><strong>Salvador Mu\u00f1oz<\/strong><br><\/p>\n\n\n\n<p>Quiz\u00e1s el lector haya por ah\u00ed escuchado que el Presidente L\u00f3pez dice que para hacer un camino o una casa, no se requiere de un ingeniero o arquitecto, que el pueblo, la gente, lo puede hacer; esto ha sido visto como una especie de \u201cdesprecio\u201d a los profesionistas por parte de AMLO, quien de paso, ha incluido m\u00e9dicos, y por all\u00ed, hasta periodistas.<\/p>\n\n\n\n<p>En sentido inverso, pero con esa misma sensaci\u00f3n de \u201cdesprecio\u201d, leo al vicepresidente del Colegio de Abogados de la Rep\u00fablica Mexicana, Rafael G\u00f3mez Casas, cuando se sorprende que \u201cuna persona como lo es el diputado Cazar\u00edn, que no termin\u00f3 creo que la primaria, vaya a evaluar a un Doctor en Derecho, a un Catedr\u00e1tico que quiere ser Fiscal del Estado\u2026 no puede ser esto posible\u201d.<\/p>\n\n\n\n<p>Creo que El Car\u00f3n es Contador P\u00fablico, y de acuerdo a sus hagi\u00f3grafos, realiz\u00f3 sus estudios de primaria, secundaria y bachillerato en su natal Hueyapan de Ocampo e hizo estudios de Contador P\u00fablico en la Universidad La Salle para que en el \u00faltimo a\u00f1o de su carrera, empezara a trabajar en Banamex\u2026 pero, supongamos que no hubiera terminado su primaria G\u00f3mez Cazar\u00edn, y ser parte de quienes a partir de este martes \u201cpasen a b\u00e1scula\u201d a cada aspirante a la Fiscal\u00eda, no es culpa de \u00e9l, sino de nuestra Constituci\u00f3n Pol\u00edtica que todav\u00eda no tiene entre los requisitos para ser Diputado, tener Licenciatura o Carrera T\u00e9cnica, m\u00ednimo.<\/p>\n\n\n\n<p>Quiz\u00e1s en el ideal de muchos ciudadanos est\u00e1 el que nuestros representantes populares sean tipos \u201cletrados y preparados\u201d con el mismo af\u00e1n que se vivi\u00f3 en el alemanismo del siglo pasado, el deseo de todo padre que entonaba \u201cun licenciado en cada hijo nos d\u00e9\u201d.<\/p>\n\n\n\n<p>Si le preocupa al abogado G\u00f3mez Casas que El Car\u00f3n eval\u00fae en este caso a su gallo William Alejandro Mendoza, deber\u00eda igual pensar en que no ser\u00e1 el \u00fanico, pues la Jucopo, integrada por cada cabeza de bancada, tendr\u00e1 como participantes a Omar Miranda (PAN), licenciado en Publicidad y Relaciones P\u00fablicas; a Erika Ayala (PRI-PVEM), licenciada en Contabilidad; y si a\u00fan no se desintegra la fracci\u00f3n legislativa del MC-PRD, Alexis S\u00e1nchez Garc\u00eda, quien pas\u00f3 por la Universidad del Valle de Orizaba en la carrera de Administraci\u00f3n\u2026 ya no contamos la de El Lado Correcto de la Historia con Gonzalo Gu\u00edzar Valladares \u00a1otro Contador! porque se esfum\u00f3, aun cuando la p\u00e1gina del Congreso la mantenga como bancada.<\/p>\n\n\n\n<p>(Por cierto, es incre\u00edble que a casi a\u00f1o y medio de Legislatura, no se tenga la s\u00edntesis curricular de todos los diputados)<\/p>\n\n\n\n<p>Igual se entiende la posici\u00f3n del Vicepresidente del Colegio de Abogados\u2026 la de pedir piso parejo para todos los aspirantes, bajo la idea de que Ver\u00f3nica Hern\u00e1ndez solicitara licencia, permiso o parecido para competir por la Fiscal\u00eda, aunque en lo particular no encuentro el modo para que hubiera un \u201cencargado\u201d que cubriera a la \u201cencargada\u201d \u00a1que no a la Fiscal! porque eso s\u00ed est\u00e1 contemplado\u2026<\/p>\n\n\n\n<p>Hay que dejar en claro y apostando a un acto de buena fe ciudadana (como son nuestros votos en las urnas), que hemos de creer que detr\u00e1s de cada diputado debe haber un asesor en la materia que lo oriente y se decida en funci\u00f3n de lo que debe ser lo mejor para los veracruzanos\u2026 vuelvo a repetir, hablamos de lo ideal en muchos ciudadanos porque la realidad nos ha golpeado en el rostro con tanta fuerza en cada Legislatura, donde la mayor\u00eda s\u00f3lo ha mostrado el m\u00fasculo\u2026 y rara vez el cerebro.<\/p>\n\n\n\n<p>Algo a favor del interesado en esta pugna por la Fiscal\u00eda, es que se podr\u00e1 ver en l\u00ednea (supongo) las entrevistas que a cada aspirante se le haga y de cierto modo, pues darse una idea de qui\u00e9n tiene los tama\u00f1os y el cacumen para encabezar tal empresa.<\/p>\n\n\n\n<p>Ahora, si se trata de ser propositivo, sin colores, sin filias, sin campa\u00f1as en pro o en contra, pues a lo mejor Colegios y Barras de Abogados de Veracruz deber\u00edan de proponer cambiar el esquema de elecci\u00f3n en este caso, de Fiscal\u2026 si G\u00f3mez Casas se queja de que no sea Licenciado en Derecho el presidente de la Jucopo, como ninguno de los dem\u00e1s miembros, \u00bfpor qu\u00e9 no trabajar en una iniciativa en donde tengan participaci\u00f3n los Abogados y los juristas junto con los diputados, para que en un consenso, entre poder y ciudadanos, se haga efectivo eso de lo que el pueblo mande? porque tratar de menospreciar a alguien por \u201cno tener primaria\u201d, es de cierto modo, tan similar como \u201cdespreciar\u201d la profesi\u00f3n de las personas\u2026<br><\/p>\n\n\n\n<p><a href=\"mailto:smcainito@gmail.com\" target=\"_blank\" rel=\"noreferrer noopener\">smcainito@gmail.com<\/a><\/p>\n","protected":false},"excerpt":{"rendered":"<p>Los Pol\u00edticos\u00a0 Salvador Mu\u00f1oz Quiz\u00e1s el lector haya por ah\u00ed escuchado que el Presidente L\u00f3pez dice que para hacer un camino o una casa, no se requiere de un ingeniero o arquitecto, que el pueblo, la gente, lo puede hacer; esto ha sido visto como una especie de \u201cdesprecio\u201d a los profesionistas por parte de [&hellip;]<\/p>\n","protected":false},"author":1,"featured_media":387,"comment_status":"open","ping_status":"open","sticky":false,"template":"","format":"standard","meta":{"_jetpack_memberships_contains_paid_content":false,"footnotes":""},"categories":[11],"tags":[],"class_list":["post-2648","post","type-post","status-publish","format-standard","has-post-thumbnail","hentry","category-opinion"],"jetpack_featured_media_url":"https:\/\/encuentroinformativo.com.mx\/wp-content\/uploads\/2020\/03\/7CF8A22B-2764-47BE-8F7F-38FE9E5D6A2F.jpeg","jetpack_sharing_enabled":true,"jetpack_likes_enabled":true,"amp_enabled":true,"_links":{"self":[{"href":"https:\/\/encuentroinformativo.com.mx\/index.php?rest_route=\/wp\/v2\/posts\/2648","targetHints":{"allow":["GET"]}}],"collection":[{"href":"https:\/\/encuentroinformativo.com.mx\/index.php?rest_route=\/wp\/v2\/posts"}],"about":[{"href":"https:\/\/encuentroinformativo.com.mx\/index.php?rest_route=\/wp\/v2\/types\/post"}],"author":[{"embeddable":true,"href":"https:\/\/encuentroinformativo.com.mx\/index.php?rest_route=\/wp\/v2\/users\/1"}],"replies":[{"embeddable":true,"href":"https:\/\/encuentroinformativo.com.mx\/index.php?rest_route=%2Fwp%2Fv2%2Fcomments&post=2648"}],"version-history":[{"count":1,"href":"https:\/\/encuentroinformativo.com.mx\/index.php?rest_route=\/wp\/v2\/posts\/2648\/revisions"}],"predecessor-version":[{"id":2649,"href":"https:\/\/encuentroinformativo.com.mx\/index.php?rest_route=\/wp\/v2\/posts\/2648\/revisions\/2649"}],"wp:featuredmedia":[{"embeddable":true,"href":"https:\/\/encuentroinformativo.com.mx\/index.php?rest_route=\/wp\/v2\/media\/387"}],"wp:attachment":[{"href":"https:\/\/encuentroinformativo.com.mx\/index.php?rest_route=%2Fwp%2Fv2%2Fmedia&parent=2648"}],"wp:term":[{"taxonomy":"category","embeddable":true,"href":"https:\/\/encuentroinformativo.com.mx\/index.php?rest_route=%2Fwp%2Fv2%2Fcategories&post=2648"},{"taxonomy":"post_tag","embeddable":true,"href":"https:\/\/encuentroinformativo.com.mx\/index.php?rest_route=%2Fwp%2Fv2%2Ftags&post=2648"}],"curies":[{"name":"wp","href":"https:\/\/api.w.org\/{rel}","templated":true}]}}