{"id":26492,"date":"2022-04-27T13:56:02","date_gmt":"2022-04-27T18:56:02","guid":{"rendered":"https:\/\/encuentroinformativo.com.mx\/?p=26492"},"modified":"2022-04-27T13:56:06","modified_gmt":"2022-04-27T18:56:06","slug":"necesario-sumar-esfuerzos-sociedad-y-gobierno-imidi","status":"publish","type":"post","link":"https:\/\/encuentroinformativo.com.mx\/?p=26492","title":{"rendered":"Necesario sumar esfuerzos sociedad y gobierno: IMIDI"},"content":{"rendered":"\n<p><strong>Juan Arcos <\/strong><\/p>\n\n\n\n<p>Xalapa, Ver.- Los gobiernos deben coordinarse con asociaciones civiles para atender a personas con discapacidad y mejorar las condiciones de grupos vulnerables.<\/p>\n\n\n\n<p>As\u00ed lo consider\u00f3 Karina Mart\u00ednez Vera, directora del Instituto Mexicano de Investigaci\u00f3n y Desarrollo Integral (IMIDI), quien reci\u00e9n recibi\u00f3 un reconocimiento por parte de la C\u00e1mara de Diputados en el Congreso de la Uni\u00f3n.<\/p>\n\n\n\n<p>\u201cDe alguna manera al gobierno le ha quedado claro que no pueden solos, que definitivamente las problem\u00e1ticas que aquejan a nuestra sociedad son tan amplias y tan complejas que no hay una sola persona o un solo poder que lo pueda todo\u201d, afirm\u00f3.<\/p>\n\n\n\n<p>La entrevistada indic\u00f3 que es necesario sumar esfuerzos entre dichas organizaciones y autoridades de los tres niveles de gobierno, en busca de la inclusi\u00f3n social.<\/p>\n\n\n\n<p>\u201cNecesitamos de manera urgente trabajar de manera colaborativa todos y todas, sumar con nuestra actitud responsable ante diferentes situaciones. Creo que ya les qued\u00f3 claro que no han podido solos\u201d, a\u00f1adi\u00f3.<\/p>\n\n\n\n<p>Mart\u00ednez Vera enfatiz\u00f3 que las organizaciones civiles son \u201cgrandes aliadas\u201d del gobierno y conocen a fondo las necesidades de la gente.<\/p>\n\n\n\n<p>\u201cNosotros que caminamos todos los d\u00edas, que conocemos de mano a mano el sentir de la gente, que conocemos perfectamente las necesidades y que adem\u00e1s estamos con una actitud propositiva, somos los mejores aliados que pueden tener\u201d, refiri\u00f3.<\/p>\n\n\n\n<p>La Directora de IMIDI dijo esperar que permanezca la apertura por parte de los diputados federales, para generar acciones que tengan un impacto social importante.<\/p>\n\n\n\n<p>Cabe recordar que, en marzo pasado, denunci\u00f3 que el ayuntamiento de Xalapa ignor\u00f3 sus propuestas para la inclusi\u00f3n de personas con discapacidad en los foros ciudadanos para la elaboraci\u00f3n del Plan Municipal de Desarrollo.<\/p>\n","protected":false},"excerpt":{"rendered":"<p>Juan Arcos Xalapa, Ver.- Los gobiernos deben coordinarse con asociaciones civiles para atender a personas con discapacidad y mejorar las condiciones de grupos vulnerables. As\u00ed lo consider\u00f3 Karina Mart\u00ednez Vera, directora del Instituto Mexicano de Investigaci\u00f3n y Desarrollo Integral (IMIDI), quien reci\u00e9n recibi\u00f3 un reconocimiento por parte de la C\u00e1mara de Diputados en el Congreso [&hellip;]<\/p>\n","protected":false},"author":1,"featured_media":26493,"comment_status":"open","ping_status":"open","sticky":false,"template":"","format":"standard","meta":{"_jetpack_memberships_contains_paid_content":false,"footnotes":""},"categories":[3],"tags":[],"class_list":["post-26492","post","type-post","status-publish","format-standard","has-post-thumbnail","hentry","category-xalapa"],"jetpack_featured_media_url":"https:\/\/encuentroinformativo.com.mx\/wp-content\/uploads\/2022\/04\/BEB09DA4-CBD8-433E-927F-319CCB55A795.jpeg","jetpack_sharing_enabled":true,"jetpack_likes_enabled":true,"amp_enabled":true,"_links":{"self":[{"href":"https:\/\/encuentroinformativo.com.mx\/index.php?rest_route=\/wp\/v2\/posts\/26492","targetHints":{"allow":["GET"]}}],"collection":[{"href":"https:\/\/encuentroinformativo.com.mx\/index.php?rest_route=\/wp\/v2\/posts"}],"about":[{"href":"https:\/\/encuentroinformativo.com.mx\/index.php?rest_route=\/wp\/v2\/types\/post"}],"author":[{"embeddable":true,"href":"https:\/\/encuentroinformativo.com.mx\/index.php?rest_route=\/wp\/v2\/users\/1"}],"replies":[{"embeddable":true,"href":"https:\/\/encuentroinformativo.com.mx\/index.php?rest_route=%2Fwp%2Fv2%2Fcomments&post=26492"}],"version-history":[{"count":1,"href":"https:\/\/encuentroinformativo.com.mx\/index.php?rest_route=\/wp\/v2\/posts\/26492\/revisions"}],"predecessor-version":[{"id":26494,"href":"https:\/\/encuentroinformativo.com.mx\/index.php?rest_route=\/wp\/v2\/posts\/26492\/revisions\/26494"}],"wp:featuredmedia":[{"embeddable":true,"href":"https:\/\/encuentroinformativo.com.mx\/index.php?rest_route=\/wp\/v2\/media\/26493"}],"wp:attachment":[{"href":"https:\/\/encuentroinformativo.com.mx\/index.php?rest_route=%2Fwp%2Fv2%2Fmedia&parent=26492"}],"wp:term":[{"taxonomy":"category","embeddable":true,"href":"https:\/\/encuentroinformativo.com.mx\/index.php?rest_route=%2Fwp%2Fv2%2Fcategories&post=26492"},{"taxonomy":"post_tag","embeddable":true,"href":"https:\/\/encuentroinformativo.com.mx\/index.php?rest_route=%2Fwp%2Fv2%2Ftags&post=26492"}],"curies":[{"name":"wp","href":"https:\/\/api.w.org\/{rel}","templated":true}]}}