{"id":26495,"date":"2022-04-27T14:07:32","date_gmt":"2022-04-27T19:07:32","guid":{"rendered":"https:\/\/encuentroinformativo.com.mx\/?p=26495"},"modified":"2022-04-27T14:07:37","modified_gmt":"2022-04-27T19:07:37","slug":"prioriza-comision-de-turismo-fortalecimiento-del-sector-en-la-entidad","status":"publish","type":"post","link":"https:\/\/encuentroinformativo.com.mx\/?p=26495","title":{"rendered":"Prioriza Comisi\u00f3n de Turismo fortalecimiento del sector en la entidad"},"content":{"rendered":"\n<p><strong>*Ampliar posicionamiento de Veracruz como destino tur\u00edstico nacional e internacional, entre los objetivos.<\/strong><\/p>\n\n\n\n<p>Xalapa, Ver.- Ante la presidenta de la Mesa Directiva del Congreso del Estado, diputada Cecilia Guevara, la Comisi\u00f3n Permanente de Turismo de la LXVI Legislatura aprob\u00f3 su Programa Anual de Trabajo, el cual regir\u00e1 las actividades a desarrollar durante el primer a\u00f1o de ejercicio constitucional, con acciones planificadas para impulsar el desarrollo de este sector en la entidad.<\/p>\n\n\n\n<p>El y las integrantes de esta instancia legislativa, diputada Janix Liliana Castro Mu\u00f1oz, diputado Rafael Gustavo Fararoni Maga\u00f1a y diputada Citlali Medell\u00edn Careaga, presidenta, secretario y vocal, respectivamente, coincidieron en la necesidad de procurar y perfeccionar el marco jur\u00eddico en la materia, as\u00ed como desahogar, en tiempo y forma, los asuntos turnados por la Mesa Directiva, anteponiendo el di\u00e1logo y trabajo en conjunto con las y los legisladores, autoridades y ciudadan\u00eda involucrada en la materia.<\/p>\n\n\n\n<p>Entre las principales l\u00edneas de acci\u00f3n, destaca el acercamiento con empresarios, acad\u00e9micos, autoridades municipales, prestadores de servicios y sociedad, a trav\u00e9s de foros, mesas de trabajo, consultas, talleres y seminarios, que permitan atender propuestas y soluciones a problemas concretos, para, a su vez, realizar actividades y gestiones encaminadas a robustecer este sector.<\/p>\n\n\n\n<p>Se propone tambi\u00e9n, durante la \u00faltima semana de septiembre, la realizaci\u00f3n de la Semana del Turismo en las regiones que tengan esta vocaci\u00f3n; la promoci\u00f3n de los principales destinos tur\u00edsticos de Veracruz en ferias nacionales e internacionales, para contribuir a la construcci\u00f3n de alianzas con empresas en nivel global.<\/p>\n\n\n\n<p>Adem\u00e1s, fomentar mayores facilidades para el turismo de sectores sociales, como el de los adultos mayores o personas con discapacidad; coadyuvar, con los tres \u00f3rdenes de gobierno, al fortalecimiento de la infraestructura tur\u00edstica del estado y establecer reuniones peri\u00f3dicas con autoridades de la Secretar\u00eda de Turismo y Cultura (Sectur), propiciando el di\u00e1logo en relaci\u00f3n con la agenda tur\u00edstica estatal.<\/p>\n\n\n\n<p>En su intervenci\u00f3n, el titular de la Sectur, Iv\u00e1n Francisco Mart\u00ednez Olvera, se\u00f1al\u00f3 que el turismo representa para el estado una generaci\u00f3n de ingresos considerable, siendo un segmento que cada d\u00eda crece con m\u00e1s fuerza, por lo que \u2013agreg\u00f3- un trabajo conjunto con el Poder Legislativo conllevar\u00e1 a un turismo bien gestionado, en el que se generan menos impactos negativos. \u201cAtestiguar este acto nos incentiva a coadyuvar para hacer de Veracruz un mejor destino tur\u00edstico\u201d, concluy\u00f3.<\/p>\n","protected":false},"excerpt":{"rendered":"<p>*Ampliar posicionamiento de Veracruz como destino tur\u00edstico nacional e internacional, entre los objetivos. Xalapa, Ver.- Ante la presidenta de la Mesa Directiva del Congreso del Estado, diputada Cecilia Guevara, la Comisi\u00f3n Permanente de Turismo de la LXVI Legislatura aprob\u00f3 su Programa Anual de Trabajo, el cual regir\u00e1 las actividades a desarrollar durante el primer a\u00f1o [&hellip;]<\/p>\n","protected":false},"author":1,"featured_media":26496,"comment_status":"open","ping_status":"open","sticky":false,"template":"","format":"standard","meta":{"_jetpack_memberships_contains_paid_content":false,"footnotes":""},"categories":[2],"tags":[],"class_list":["post-26495","post","type-post","status-publish","format-standard","has-post-thumbnail","hentry","category-estado"],"jetpack_featured_media_url":"https:\/\/encuentroinformativo.com.mx\/wp-content\/uploads\/2022\/04\/F6BE9C4E-0A9F-49DE-AF02-433D7AE7D373.jpeg","jetpack_sharing_enabled":true,"jetpack_likes_enabled":true,"amp_enabled":true,"_links":{"self":[{"href":"https:\/\/encuentroinformativo.com.mx\/index.php?rest_route=\/wp\/v2\/posts\/26495","targetHints":{"allow":["GET"]}}],"collection":[{"href":"https:\/\/encuentroinformativo.com.mx\/index.php?rest_route=\/wp\/v2\/posts"}],"about":[{"href":"https:\/\/encuentroinformativo.com.mx\/index.php?rest_route=\/wp\/v2\/types\/post"}],"author":[{"embeddable":true,"href":"https:\/\/encuentroinformativo.com.mx\/index.php?rest_route=\/wp\/v2\/users\/1"}],"replies":[{"embeddable":true,"href":"https:\/\/encuentroinformativo.com.mx\/index.php?rest_route=%2Fwp%2Fv2%2Fcomments&post=26495"}],"version-history":[{"count":1,"href":"https:\/\/encuentroinformativo.com.mx\/index.php?rest_route=\/wp\/v2\/posts\/26495\/revisions"}],"predecessor-version":[{"id":26497,"href":"https:\/\/encuentroinformativo.com.mx\/index.php?rest_route=\/wp\/v2\/posts\/26495\/revisions\/26497"}],"wp:featuredmedia":[{"embeddable":true,"href":"https:\/\/encuentroinformativo.com.mx\/index.php?rest_route=\/wp\/v2\/media\/26496"}],"wp:attachment":[{"href":"https:\/\/encuentroinformativo.com.mx\/index.php?rest_route=%2Fwp%2Fv2%2Fmedia&parent=26495"}],"wp:term":[{"taxonomy":"category","embeddable":true,"href":"https:\/\/encuentroinformativo.com.mx\/index.php?rest_route=%2Fwp%2Fv2%2Fcategories&post=26495"},{"taxonomy":"post_tag","embeddable":true,"href":"https:\/\/encuentroinformativo.com.mx\/index.php?rest_route=%2Fwp%2Fv2%2Ftags&post=26495"}],"curies":[{"name":"wp","href":"https:\/\/api.w.org\/{rel}","templated":true}]}}