{"id":26526,"date":"2022-04-28T09:30:59","date_gmt":"2022-04-28T14:30:59","guid":{"rendered":"https:\/\/encuentroinformativo.com.mx\/?p=26526"},"modified":"2022-04-28T09:31:02","modified_gmt":"2022-04-28T14:31:02","slug":"examen-a-ramos-alor","status":"publish","type":"post","link":"https:\/\/encuentroinformativo.com.mx\/?p=26526","title":{"rendered":"Examen a Ramos Alor"},"content":{"rendered":"\n<p><strong>Los Pol\u00edticos<\/strong><\/p>\n\n\n\n<p><strong>Salvador Mu\u00f1oz<\/strong><\/p>\n\n\n\n<p>Deben ser los protocolos a seguir, imagino, por lo que la Fiscal\u00eda Especializada en Combate a la Corrupci\u00f3n de Veracruz solicita a la diputada Anil\u00fa Ingram Vallines, a someterse a un examen psicol\u00f3gico\u2026<\/p>\n\n\n\n<p>La raz\u00f3n, han de recordarla, porque la legisladora del PRI puso una queja por Violencia Pol\u00edtica de G\u00e9nero contra el secretario de Salud, Roberto Ramos Alor, quien durante su comparecencia, y a manera de respuesta (u ofensa) a la jarocha, refiri\u00f3 que \u201cVeracruz y el pa\u00eds ya est\u00e1n cansados de conocer la historia de diputadas y diputados que (&#8230;) son \u2018totalmente palacios y antes muertas que sencillas\u2019 porque nunca han estado cerca del pueblo; \u00bfqu\u00e9 representan esas diputadas?, me pregunto yo\u201d&#8230;<\/p>\n\n\n\n<p>El secretario de Salud no es la primera vez que tiene problemas con sus percepciones muy personales del quehacer pol\u00edtico\u2026 y period\u00edstico.<\/p>\n\n\n\n<p>Es inolvidable su reacci\u00f3n cuando en rueda de prensa, fue cuestionado sobre la compra de medicamentos y entrega de contratos a la empresa Abisalud, vinculada con el delegado federal de Jalisco de Programas de Desarrollo, Carlos Lomel\u00ed Bola\u00f1os: \u201c\u00a1No les embona ning\u00fan chile!\u201d, les dijo a reporteros y reporteras que son las m\u00e1s\u2026<\/p>\n\n\n\n<p>Por cierto, Lomel\u00ed renunci\u00f3 a su cargo despu\u00e9s de haber sido exhibido el teje y maneje de los negocios que su empresa y familia hicieron con las medicinas.<\/p>\n\n\n\n<p>El asunto es que este jueves, Anil\u00fa Ingram ha de estar ante un test por haber se\u00f1alado a un funcionario del gobierno del Estado por Violencia Pol\u00edtica de G\u00e9nero\u2026 insisto: deben ser los protocolos que se marcan en estos casos, aunque\u2026<\/p>\n\n\n\n<p>Vamos a ponernos del otro lado\u2026<\/p>\n\n\n\n<p>Entiendo que si la v\u00edctima es sometida a un test psicol\u00f3gico, \u00bfel victimario ha de pasar por las mismas posiciones?<\/p>\n\n\n\n<p>Digo, creo que muchos fuimos testigos del comportamiento fuera de lugar del funcionario quien en lugar de abocarse a responder los cuestionamientos del Poder Legislativo que lo cuestionaba, se puso al t\u00fa por t\u00fa\u2026<\/p>\n\n\n\n<p>Luego entonces, quienes vimos la escena, el personaje que guarda un comportamiento \u201crarito\u201d es el secretario de Salud\u2026 y los antecedentes lo condenan\u2026<\/p>\n\n\n\n<p>Reitero porque desconozco el procedimiento y quiz\u00e1s un lector d\u00e9 luz a mis entendederas: \u00bfTambi\u00e9n se somete a un examen psicol\u00f3gico al secretario?&nbsp;<\/p>\n\n\n\n<p>Y ya que estamos en estas ligas, no estar\u00eda de m\u00e1s que esos personajes que ocupan un cargo de confianza, cedido por el Gobernador en este caso, fueran sometidos a un test\u2026 y s\u00ed, tambi\u00e9n nuestros representantes populares\u2026 porque quiz\u00e1s se puedan tener los estudios, los conocimientos, pero ning\u00fan Doctorado, ninguna Maestr\u00eda, ninguna Licenciatura te da Educaci\u00f3n ni te hace buena persona\u2026 no s\u00e9, quiz\u00e1s un test nos pudiera decir realmente a qui\u00e9n tenemos como secretario de Salud\u2026 pero despu\u00e9s de \u201cNing\u00fan chile les embona\u201d y \u201cSon totalmente palacios y antes muertas que sencillas\u201d, es evidente que ser secretario de Salud, no te da Salud Mental para desempe\u00f1arte no en un cargo, sino como persona\u2026<\/p>\n\n\n\n<p>A lo mejor lo suyo, lo suyo\u2026 sean los timbales y no la funci\u00f3n p\u00fablica.<\/p>\n\n\n\n<p><a href=\"mailto:smcainito@gmail.com\" target=\"_blank\" rel=\"noreferrer noopener\">smcainito@gmail.com<\/a><\/p>\n","protected":false},"excerpt":{"rendered":"<p>Los Pol\u00edticos Salvador Mu\u00f1oz Deben ser los protocolos a seguir, imagino, por lo que la Fiscal\u00eda Especializada en Combate a la Corrupci\u00f3n de Veracruz solicita a la diputada Anil\u00fa Ingram Vallines, a someterse a un examen psicol\u00f3gico\u2026 La raz\u00f3n, han de recordarla, porque la legisladora del PRI puso una queja por Violencia Pol\u00edtica de G\u00e9nero [&hellip;]<\/p>\n","protected":false},"author":1,"featured_media":387,"comment_status":"open","ping_status":"open","sticky":false,"template":"","format":"standard","meta":{"_jetpack_memberships_contains_paid_content":false,"footnotes":""},"categories":[11],"tags":[],"class_list":["post-26526","post","type-post","status-publish","format-standard","has-post-thumbnail","hentry","category-opinion"],"jetpack_featured_media_url":"https:\/\/encuentroinformativo.com.mx\/wp-content\/uploads\/2020\/03\/7CF8A22B-2764-47BE-8F7F-38FE9E5D6A2F.jpeg","jetpack_sharing_enabled":true,"jetpack_likes_enabled":true,"amp_enabled":true,"_links":{"self":[{"href":"https:\/\/encuentroinformativo.com.mx\/index.php?rest_route=\/wp\/v2\/posts\/26526","targetHints":{"allow":["GET"]}}],"collection":[{"href":"https:\/\/encuentroinformativo.com.mx\/index.php?rest_route=\/wp\/v2\/posts"}],"about":[{"href":"https:\/\/encuentroinformativo.com.mx\/index.php?rest_route=\/wp\/v2\/types\/post"}],"author":[{"embeddable":true,"href":"https:\/\/encuentroinformativo.com.mx\/index.php?rest_route=\/wp\/v2\/users\/1"}],"replies":[{"embeddable":true,"href":"https:\/\/encuentroinformativo.com.mx\/index.php?rest_route=%2Fwp%2Fv2%2Fcomments&post=26526"}],"version-history":[{"count":1,"href":"https:\/\/encuentroinformativo.com.mx\/index.php?rest_route=\/wp\/v2\/posts\/26526\/revisions"}],"predecessor-version":[{"id":26527,"href":"https:\/\/encuentroinformativo.com.mx\/index.php?rest_route=\/wp\/v2\/posts\/26526\/revisions\/26527"}],"wp:featuredmedia":[{"embeddable":true,"href":"https:\/\/encuentroinformativo.com.mx\/index.php?rest_route=\/wp\/v2\/media\/387"}],"wp:attachment":[{"href":"https:\/\/encuentroinformativo.com.mx\/index.php?rest_route=%2Fwp%2Fv2%2Fmedia&parent=26526"}],"wp:term":[{"taxonomy":"category","embeddable":true,"href":"https:\/\/encuentroinformativo.com.mx\/index.php?rest_route=%2Fwp%2Fv2%2Fcategories&post=26526"},{"taxonomy":"post_tag","embeddable":true,"href":"https:\/\/encuentroinformativo.com.mx\/index.php?rest_route=%2Fwp%2Fv2%2Ftags&post=26526"}],"curies":[{"name":"wp","href":"https:\/\/api.w.org\/{rel}","templated":true}]}}