{"id":26528,"date":"2022-04-28T09:34:27","date_gmt":"2022-04-28T14:34:27","guid":{"rendered":"https:\/\/encuentroinformativo.com.mx\/?p=26528"},"modified":"2022-04-28T09:34:31","modified_gmt":"2022-04-28T14:34:31","slug":"el-tren-el-teleferico-el-hospital-del-imss-que-nunca-llegan","status":"publish","type":"post","link":"https:\/\/encuentroinformativo.com.mx\/?p=26528","title":{"rendered":"EL TREN, EL TELEF\u00c9RICO, EL HOSPITAL DEL IMSS QUE NUNCA LLEGAN\u2026"},"content":{"rendered":"\n<p><strong>ColumnaSinNombre<br>@pablojair<\/strong><\/p>\n\n\n\n<ul class=\"wp-block-list\"><li>\u201cDel camar\u00f3grafo nadie se despide, \u00bfverdad?\u201d<\/li><li>Que no s\u00f3lo viene Constellation Brands, sino otras.<\/li><li>Lima en reuniones con Hacienda y Banobras.<\/li><\/ul>\n\n\n\n<p>Mi gorra de Am\u00e9rica (The Band), ches vatos :\u2019(<br>\u2014Chopenjawer<\/p>\n\n\n\n<p>Hay algo curioso con el mentado proyecto del tren ligero para Xalapa: de plano nunca llega.<\/p>\n\n\n\n<p>Y no es de ahorita el asunto: desde que llegu\u00e9 a Xalapa hace casi 20 a\u00f1os ya se escuchaba del proyecto: un tren de pasajeros, tipo metro, que traer\u00eda a toda la poblaci\u00f3n desde Banderilla hasta la capital, pasando por la zona universitaria; algunos dec\u00edan que usando la misma v\u00eda que cruza la capital veracruzana para el tren de carga y otros hasta haciendo un nuevo trazo.<\/p>\n\n\n\n<p>Pero amigos que tienen toda su vida aqu\u00ed me dicen que ese cuento ya es viejo.<\/p>\n\n\n\n<p>Y mientras todo eso sucede, los a\u00f1os van pasando y la ciudad sigue creciendo, con m\u00e1s poblaci\u00f3n que migra de otras partes, abandonando regiones calurosas como el sur o norte.<\/p>\n\n\n\n<p>Una capital veracruzana que se torna ca\u00f3tica, que ha crecido a un ritmo alarmante al grado de que los pulmones de la ciudad o zonas boscosas se han ido perdiendo para la construcci\u00f3n de nuevas viviendas, nuevos fraccionamientos.<\/p>\n\n\n\n<p>No por nada, hasta el clima ha cambiado: hace unos a\u00f1os, por ejemplo, no se ve\u00edan en las tiendas que se vendieran aires acondicionados porque Xalapa y Coatepec realmente no los necesitaban; si acaso se ve\u00eda un ventilador. Todav\u00eda nos tocaron las patadas de poder dormir con la ventana abierta, sin mosquitero, porque en la noche refresca mucho y no hab\u00eda peligro de moscos o zancudos, pero eso cambi\u00f3: el insecto se adapt\u00f3 al clima y adem\u00e1s este ha incrementado poco a poco su presencia con calores que no se sent\u00edan en esta zona privilegiada, aunque m\u00e1s tolerantes que en otras partes del estado.<\/p>\n\n\n\n<p>Al mismo tiempo, la capital veracruzana ya fue rebasada por el tr\u00e1fico vehicular que se amontona en el centro de la ciudad. Afortunadamente ya no han habido protestas tan duraderas que cierran el centro por horas o d\u00edas, pero a\u00fan as\u00ed es palpable que en ciertos momentos es imposible tener un tr\u00e1nsito fluido.<\/p>\n\n\n\n<p>\u00bfQu\u00e9 le ha pasado a Xalapa? \u00bfPor qu\u00e9 se ha rezagado tanto con estos problemas? \u00bfPor qu\u00e9 Orizaba ha sabido meter orden y la capital no?<\/p>\n\n\n\n<p>Las comparaciones son odiosas, pero s\u00ed hay qu\u00e9 ver como Orizaba ha crecido en una d\u00e9cada y no es aquella ciudad abandonada sometida al yugo del crimen organizado y sus pol\u00edticos folkl\u00f3ricos y corruptos como Fidel Kuri, Mario Zepahua o Mart\u00edn Cabrera. Tiene rato en crecimiento y le ha ganado por mucho a Xalapa quit\u00e1ndole, por ejemplo, otro proyecto que tiene a\u00f1os mencion\u00e1ndose en la capital y que nom\u00e1s nunca llega: el telef\u00e9rico.<\/p>\n\n\n\n<p>Ese mismo sue\u00f1o de tener cabinas colgadas desde el Cerro del Macuit\u00e9petl hasta la zona de Los Lagos o la zona del Estadio (tambi\u00e9n abandonado ya hace a\u00f1os) parece que ya fue completamente olvidado.<\/p>\n\n\n\n<p>Tan rezagada est\u00e1 la capital, que hasta el d\u00eda de hoy no tiene un centro de espect\u00e1culos, un centro de convenciones. Hace apenas unas horas, el empresario de espect\u00e1culos Javier Brocado se quejaba en redes sociales que les prohibieron ya usar el campo de beisbol de la USBI para presentaciones y conciertos, lo que tambi\u00e9n se sumar\u00eda a cierres como el Estadio Col\u00f3n.<\/p>\n\n\n\n<p>Y es que s\u00ed: Xalapa no tiene donde armar huateques. Ni para hacer expos tur\u00edsiticas, ni congresos, nada.<\/p>\n\n\n\n<p>En resumen, pareciera que a Xalapa s\u00f3lo llegan gobiernos municipales para administrar la ca\u00f3tica ciudad, pero dif\u00edcilmente se ven proyectos a futuro que puedan colocarla en un nivel competitivo como capital del estado, m\u00e1s all\u00e1 de ser el lugar donde se asientan los poderes pol\u00edticos de Veracruz.<\/p>\n\n\n\n<p>Vaya, ahora la idea es facilitarle la vida a los automovilistas (el Plan B con la cancelaci\u00f3n del Tren Ligero) pero s\u00f3lo eso\u2026 y ya. Un remedio que se antoja temporal, como lo fue alguna vez Circunvalaci\u00f3n como libramiento de la capital.<\/p>\n\n\n\n<p>Otro asunto que parece ya se olvid\u00f3 es el hospital del Seguro Social que se supone se iba a construir en Coatepec, ciudad que tambi\u00e9n est\u00e1 creciendo muy r\u00e1pidamente y no se da abasto para atener problemas b\u00e1sicos y prioritarios como la recolecci\u00f3n de la basura.<\/p>\n\n\n\n<p>Coatepec a estas alturas ya necesita de un hospital grande y con especialidades para la atenci\u00f3n de municipios cercanos, que adem\u00e1s ayudar\u00eda mucho a desfogar la concentraci\u00f3n de pacientes en Xalapa.<\/p>\n\n\n\n<p>Pero al igual que el tren y el telef\u00e9rico, parece que solamente ser\u00e1 otro sue\u00f1o guajiro, de esos que todos hablan, pero nom\u00e1s nunca se realizan.<\/p>\n\n\n\n<p><strong>NOTA PARA PEGAR EN EL REFRI: <\/strong>\u201cDel camar\u00f3grafo nadie se despide, \u00bfverdad?&#8221; fue lo que me dijo entre risas el licenciado Ignacio Gonz\u00e1lez Rebolledo aquella vez que visit\u00f3 el Palacio Municipal de Minatitl\u00e1n cuando era alcalde Amado Guzm\u00e1n Garc\u00eda (1998-2000) \u2026 En ese entonces, Don Nacho hab\u00eda tenido una gira por el sur de Veracruz como procurador general de Justicia del Estado y los reporteros que cubr\u00edan el evento lo entrevistaron justo cuando ya sal\u00eda de la reuni\u00f3n en la Presidencia Municipal. En ese entonces trabajando para CableCanal, Don Nacho se despide de los reporteros de manera muy amable y justo cuando ya se iba a subir a su camioneta, se regresa tantito y extiende la mano a quien esto escribe y me pregunta lo anterior, a lo cual agradec\u00ed el gesto estrechando y dese\u00e1ndole buen viaje de regreso a Xalapa\u2026 Don Ignacio Gonz\u00e1lez Rebolledo ya nos hab\u00edan platicado que era todo un personajazo, muy ilustre, muy culto\u2026 Cuando el maestro C\u00e9sar V\u00e1zquez Chagoya decidi\u00f3 retirarse la pol\u00edtica para dedicarse al periodismo, narr\u00f3 en alguna ocasi\u00f3n que a la primera persona que se lo cont\u00f3 fue a Don Nacho, quien le dijo que se estaba saliendo de una profesi\u00f3n dif\u00edcil para entrar a otra m\u00e1s dif\u00edcil, Y que le deseaba el mejor de los \u00e9xitos\u2026 En Xalapa ya lo extra\u00f1an mucho, especialmente los que convivieron muy cercanos a \u00e9l. \u00daltimamente su salud se hab\u00eda desmejorado y por eso ya no era tan constante verlo comer y echar caf\u00e9 en el restaurante Mar\u00eda Enriqueta, en Coatepec\u2026 Descanse en paz.<\/p>\n\n\n\n<p><strong>OTRA NOTA: <\/strong>Dicen, dicen, que vienen m\u00e1s de dos empresas mamalonas tipo Constellation Brands a Veracruz. El gobernador Cuitl\u00e1huac Garc\u00eda Jim\u00e9nez adelant\u00f3 algo este mi\u00e9rcoles, sobre que estar\u00edan ya puestos los ojos de empresas grandes en territorio veracruzano, especialmente con la instalaci\u00f3n de parques industriales con motivo del Corredor Interoce\u00e1nico. En la fuente empresarial comentan que podr\u00edan ser del sector vidriero, corcholatas y de la industria del cart\u00f3n, ya que esas inversiones por s\u00ed solas generan una cluster (grupo de empresas e instituciones interrelacionadas, concentradas geogr\u00e1ficamente, que compiten en un mismo negocio). Ya se sabr\u00e1 cu\u00e1les ser\u00e1n, porque dicen que piden confidencialidad y que no hagan olas.<\/p>\n\n\n\n<p><strong>LA \u00daLTIMA PORQUE VOY POR COCA, PERO NO LA DEL POLVO: <\/strong>\u201cEl d\u00eda de hoy, acompa\u00f1ado de la subsecretaria de egresos de la Secretar\u00eda de Finanzas y Planeaci\u00f3n del Gobierno de Veracruz, la Mtra. Ana Rosa Aguilar Viveros, y por instrucciones del gobernador Cuitl\u00e1huac Garc\u00eda Jim\u00e9nez, sostuvimos reuniones en la Secretar\u00eda de Hacienda y Cr\u00e9dito P\u00fablico y en el Banco Nacional de Obras y Servicios P\u00fablicos &#8211; Banobras, para continuar buscando soluciones que nos permitan fortalecer las finanzas municipales\u201d: coment\u00f3 el secretario de Finanzas y Planeaci\u00f3n, Jos\u00e9 Luis Lima Franco.<\/p>\n","protected":false},"excerpt":{"rendered":"<p>ColumnaSinNombre@pablojair \u201cDel camar\u00f3grafo nadie se despide, \u00bfverdad?\u201d Que no s\u00f3lo viene Constellation Brands, sino otras. Lima en reuniones con Hacienda y Banobras. Mi gorra de Am\u00e9rica (The Band), ches vatos :\u2019(\u2014Chopenjawer Hay algo curioso con el mentado proyecto del tren ligero para Xalapa: de plano nunca llega. Y no es de ahorita el asunto: desde [&hellip;]<\/p>\n","protected":false},"author":1,"featured_media":488,"comment_status":"open","ping_status":"open","sticky":false,"template":"","format":"standard","meta":{"_jetpack_memberships_contains_paid_content":false,"footnotes":""},"categories":[11],"tags":[],"class_list":["post-26528","post","type-post","status-publish","format-standard","has-post-thumbnail","hentry","category-opinion"],"jetpack_featured_media_url":"https:\/\/encuentroinformativo.com.mx\/wp-content\/uploads\/2020\/03\/F471F608-BA1A-416B-BA7B-BCFB24F4E6D0.jpeg","jetpack_sharing_enabled":true,"jetpack_likes_enabled":true,"amp_enabled":true,"_links":{"self":[{"href":"https:\/\/encuentroinformativo.com.mx\/index.php?rest_route=\/wp\/v2\/posts\/26528","targetHints":{"allow":["GET"]}}],"collection":[{"href":"https:\/\/encuentroinformativo.com.mx\/index.php?rest_route=\/wp\/v2\/posts"}],"about":[{"href":"https:\/\/encuentroinformativo.com.mx\/index.php?rest_route=\/wp\/v2\/types\/post"}],"author":[{"embeddable":true,"href":"https:\/\/encuentroinformativo.com.mx\/index.php?rest_route=\/wp\/v2\/users\/1"}],"replies":[{"embeddable":true,"href":"https:\/\/encuentroinformativo.com.mx\/index.php?rest_route=%2Fwp%2Fv2%2Fcomments&post=26528"}],"version-history":[{"count":1,"href":"https:\/\/encuentroinformativo.com.mx\/index.php?rest_route=\/wp\/v2\/posts\/26528\/revisions"}],"predecessor-version":[{"id":26529,"href":"https:\/\/encuentroinformativo.com.mx\/index.php?rest_route=\/wp\/v2\/posts\/26528\/revisions\/26529"}],"wp:featuredmedia":[{"embeddable":true,"href":"https:\/\/encuentroinformativo.com.mx\/index.php?rest_route=\/wp\/v2\/media\/488"}],"wp:attachment":[{"href":"https:\/\/encuentroinformativo.com.mx\/index.php?rest_route=%2Fwp%2Fv2%2Fmedia&parent=26528"}],"wp:term":[{"taxonomy":"category","embeddable":true,"href":"https:\/\/encuentroinformativo.com.mx\/index.php?rest_route=%2Fwp%2Fv2%2Fcategories&post=26528"},{"taxonomy":"post_tag","embeddable":true,"href":"https:\/\/encuentroinformativo.com.mx\/index.php?rest_route=%2Fwp%2Fv2%2Ftags&post=26528"}],"curies":[{"name":"wp","href":"https:\/\/api.w.org\/{rel}","templated":true}]}}