{"id":2653,"date":"2020-05-19T14:32:17","date_gmt":"2020-05-19T19:32:17","guid":{"rendered":"https:\/\/encuentroinformativo.com\/?p=2653"},"modified":"2020-05-19T14:32:24","modified_gmt":"2020-05-19T19:32:24","slug":"para-la-revocacion-de-mandato-se-requieren-reformas-constitucionales-consejero","status":"publish","type":"post","link":"https:\/\/encuentroinformativo.com.mx\/?p=2653","title":{"rendered":"Para la revocaci\u00f3n de mandato, se requieren reformas constitucionales: Consejero"},"content":{"rendered":"\n<p><strong>Dar\u00edo Pale<\/strong> <\/p>\n\n\n\n<p>Xalapa, Ver.- El consejero del Organismo P\u00fablico Local Electoral (OPLE) Juan Manuel V\u00e1zquez Barajas dio a conocer que para la revocaci\u00f3n del mandato se tiene que hacer una reforma a la constituci\u00f3n de Veracruz y despu\u00e9s al c\u00f3digo electoral.<\/p>\n\n\n\n<p>En entrevista telef\u00f3nica dio a conocer que es una reforma electoral que aporta para el inicio de la modernizaci\u00f3n e innovaci\u00f3n del sistema electoral mexicano, ya que trae algunas ideas entre estas es el tema fundamental es que las autoridades electorales dentro de sus responsabilidad tengan la obligaci\u00f3n de generar un enfoque de convivencia democr\u00e1tica intercultural.<\/p>\n\n\n\n<p>Es una reforma que coloca a la perspectiva de g\u00e9nero a la no discriminaci\u00f3n omo mecanismos libres de violencia, tambi\u00e9n el tema de la b\u00fasqueda de la igualdad sustantiva de integridad entre hombres y mujeres, adem\u00e1s de los que ind\u00edgenas tienen derecho a la representaci\u00f3n pol\u00edtica, por lo que la Reforma es de avanzada ya que se actualizan algunos temas, no obstante lament\u00f3 que se haya retirado el tema del voto electr\u00f3nico.<\/p>\n\n\n\n<p>En lo que respecta a la revocaci\u00f3n del mandato inform\u00f3 que se tiene que reformar primero la constituci\u00f3n de Veracruz, por lo que en materia electoral lo que estar\u00edan esperando es que se publique la Reforma al c\u00f3digo electoral para ver cu\u00e1l ser\u00eda el alcance y la dimensi\u00f3n de c\u00f3mo se reglamenta esa reforma constitucional en materia pol\u00edtico electoral.<\/p>\n\n\n\n<p>\u201cDesde mi perspectiva desde mi l\u00f3gica deber\u00e1 de irse ya sea una reforma al c\u00f3digo electoral o un nuevo c\u00f3digo electoral que a m\u00e1s tardar en el mes de julio de este a\u00f1o y publicarse en la gaseta del estado de tal forma que se pueda aplicar en el proceso electoral que iniciar\u00e1 en noviembre del a\u00f1o que entra\u201d, finaliz\u00f3.<\/p>\n\n\n\n<p><\/p>\n","protected":false},"excerpt":{"rendered":"<p>Dar\u00edo Pale Xalapa, Ver.- El consejero del Organismo P\u00fablico Local Electoral (OPLE) Juan Manuel V\u00e1zquez Barajas dio a conocer que para la revocaci\u00f3n del mandato se tiene que hacer una reforma a la constituci\u00f3n de Veracruz y despu\u00e9s al c\u00f3digo electoral. En entrevista telef\u00f3nica dio a conocer que es una reforma electoral que aporta para [&hellip;]<\/p>\n","protected":false},"author":1,"featured_media":2654,"comment_status":"open","ping_status":"open","sticky":false,"template":"","format":"standard","meta":{"_jetpack_memberships_contains_paid_content":false,"footnotes":""},"categories":[2],"tags":[],"class_list":["post-2653","post","type-post","status-publish","format-standard","has-post-thumbnail","hentry","category-estado"],"jetpack_featured_media_url":"https:\/\/encuentroinformativo.com.mx\/wp-content\/uploads\/2020\/05\/BF1CAE72-97E4-4AC2-B9E4-EAAE2F09CB59.jpeg","jetpack_sharing_enabled":true,"jetpack_likes_enabled":true,"amp_enabled":true,"_links":{"self":[{"href":"https:\/\/encuentroinformativo.com.mx\/index.php?rest_route=\/wp\/v2\/posts\/2653","targetHints":{"allow":["GET"]}}],"collection":[{"href":"https:\/\/encuentroinformativo.com.mx\/index.php?rest_route=\/wp\/v2\/posts"}],"about":[{"href":"https:\/\/encuentroinformativo.com.mx\/index.php?rest_route=\/wp\/v2\/types\/post"}],"author":[{"embeddable":true,"href":"https:\/\/encuentroinformativo.com.mx\/index.php?rest_route=\/wp\/v2\/users\/1"}],"replies":[{"embeddable":true,"href":"https:\/\/encuentroinformativo.com.mx\/index.php?rest_route=%2Fwp%2Fv2%2Fcomments&post=2653"}],"version-history":[{"count":1,"href":"https:\/\/encuentroinformativo.com.mx\/index.php?rest_route=\/wp\/v2\/posts\/2653\/revisions"}],"predecessor-version":[{"id":2655,"href":"https:\/\/encuentroinformativo.com.mx\/index.php?rest_route=\/wp\/v2\/posts\/2653\/revisions\/2655"}],"wp:featuredmedia":[{"embeddable":true,"href":"https:\/\/encuentroinformativo.com.mx\/index.php?rest_route=\/wp\/v2\/media\/2654"}],"wp:attachment":[{"href":"https:\/\/encuentroinformativo.com.mx\/index.php?rest_route=%2Fwp%2Fv2%2Fmedia&parent=2653"}],"wp:term":[{"taxonomy":"category","embeddable":true,"href":"https:\/\/encuentroinformativo.com.mx\/index.php?rest_route=%2Fwp%2Fv2%2Fcategories&post=2653"},{"taxonomy":"post_tag","embeddable":true,"href":"https:\/\/encuentroinformativo.com.mx\/index.php?rest_route=%2Fwp%2Fv2%2Ftags&post=2653"}],"curies":[{"name":"wp","href":"https:\/\/api.w.org\/{rel}","templated":true}]}}