{"id":26530,"date":"2022-04-28T09:43:09","date_gmt":"2022-04-28T14:43:09","guid":{"rendered":"https:\/\/encuentroinformativo.com.mx\/?p=26530"},"modified":"2022-04-28T09:43:12","modified_gmt":"2022-04-28T14:43:12","slug":"acusan-despidos-injustificados-en-ayuntamiento-de-coatzintla","status":"publish","type":"post","link":"https:\/\/encuentroinformativo.com.mx\/?p=26530","title":{"rendered":"Acusan despidos injustificados en Ayuntamiento de Coatzintla"},"content":{"rendered":"\n<p><strong>Juan Arcos <\/strong><\/p>\n\n\n\n<p>Xalapa, Ver.- M\u00e1s de 50 personas protestaron frente a Palacio de Gobierno para denunciar que fueron despedidas injustificadamente del ayuntamiento de Coatzintla y se\u00f1alar al alcalde C\u00e9sar Ulises Garc\u00eda V\u00e1zquez de violentar las condiciones generales de trabajo.<\/p>\n\n\n\n<p>Los quejosos se plantaron en Plaza Sebasti\u00e1n Lerdo de Tejada con lonas, donde pidieron la intervenci\u00f3n del gobernador Cuitl\u00e1huac Garc\u00eda Jim\u00e9nez para que cesen las violaciones al contrato colectivo de trabajo.<\/p>\n\n\n\n<p>\u201cPor la defensa de nuestro contrato colectivo de trabajo\u201d, se le\u00eda en algunos de sus mensajes.<\/p>\n\n\n\n<p>Los exempleados de base, en su mayor\u00eda madres solteras, viajaron desde la zona norte del estado hasta la capital, donde amagaron con permanecer en plant\u00f3n hasta que sean atendidas sus demandas.<\/p>\n\n\n\n<p>De acuerdo con Enrique Ram\u00edrez L\u00f3pez, representante del Sindicato M\u00e1rtires de R\u00edo Blanco del Municipio de Coatzintla, el actual Presidente Municipal despidi\u00f3 a 31 trabajadores y ha cometido una serie de abusos.<\/p>\n\n\n\n<p>\u201cLos despidi\u00f3 porque dice que es un da\u00f1o patrimonial (pagar a empleados) y que no tiene dinero para pagarles\u201d, critic\u00f3.<\/p>\n\n\n\n<p>El entrevistado record\u00f3 que durante esta tercera administraci\u00f3n municipal del edil se ha incurrido en acciones que representan un atentado contra los derechos de los trabajadores.<\/p>\n\n\n\n<p>Los afectados mencionaron que el Alcalde morenista ahora adeuda cerca de 20 millones de pesos por laudos.<\/p>\n\n\n\n<p>\u201cEs su tercera administraci\u00f3n, en la primera administraci\u00f3n hubo la misma situaci\u00f3n, quiso realizar otro sindicato donde otorg\u00f3 nombramientos y tuvo repercusiones, porque no pudo lograr hacer su sindicato y estos empleados, que eran de confianza, gente de \u00e9l, empezaron a demandar y lograron laudos de m\u00e1s de un mill\u00f3n de pesos, estamos hablando ahorita de casi 20 millones de pesos de laudos, gracias al capricho del se\u00f1or alcalde\u201d, expres\u00f3 el representante sindical.<\/p>\n\n\n\n<p>Los extrabajadores presentaron una demanda en el Tribunal de Conciliaci\u00f3n y Arbitraje, cuyo proceso es lento pero contin\u00faa.<\/p>\n","protected":false},"excerpt":{"rendered":"<p>Juan Arcos Xalapa, Ver.- M\u00e1s de 50 personas protestaron frente a Palacio de Gobierno para denunciar que fueron despedidas injustificadamente del ayuntamiento de Coatzintla y se\u00f1alar al alcalde C\u00e9sar Ulises Garc\u00eda V\u00e1zquez de violentar las condiciones generales de trabajo. Los quejosos se plantaron en Plaza Sebasti\u00e1n Lerdo de Tejada con lonas, donde pidieron la intervenci\u00f3n [&hellip;]<\/p>\n","protected":false},"author":1,"featured_media":26531,"comment_status":"open","ping_status":"open","sticky":false,"template":"","format":"standard","meta":{"_jetpack_memberships_contains_paid_content":false,"footnotes":""},"categories":[2],"tags":[],"class_list":["post-26530","post","type-post","status-publish","format-standard","has-post-thumbnail","hentry","category-estado"],"jetpack_featured_media_url":"https:\/\/encuentroinformativo.com.mx\/wp-content\/uploads\/2022\/04\/40D97EFA-08CA-456C-9093-55DB7541529F.jpeg","jetpack_sharing_enabled":true,"jetpack_likes_enabled":true,"amp_enabled":true,"_links":{"self":[{"href":"https:\/\/encuentroinformativo.com.mx\/index.php?rest_route=\/wp\/v2\/posts\/26530","targetHints":{"allow":["GET"]}}],"collection":[{"href":"https:\/\/encuentroinformativo.com.mx\/index.php?rest_route=\/wp\/v2\/posts"}],"about":[{"href":"https:\/\/encuentroinformativo.com.mx\/index.php?rest_route=\/wp\/v2\/types\/post"}],"author":[{"embeddable":true,"href":"https:\/\/encuentroinformativo.com.mx\/index.php?rest_route=\/wp\/v2\/users\/1"}],"replies":[{"embeddable":true,"href":"https:\/\/encuentroinformativo.com.mx\/index.php?rest_route=%2Fwp%2Fv2%2Fcomments&post=26530"}],"version-history":[{"count":1,"href":"https:\/\/encuentroinformativo.com.mx\/index.php?rest_route=\/wp\/v2\/posts\/26530\/revisions"}],"predecessor-version":[{"id":26532,"href":"https:\/\/encuentroinformativo.com.mx\/index.php?rest_route=\/wp\/v2\/posts\/26530\/revisions\/26532"}],"wp:featuredmedia":[{"embeddable":true,"href":"https:\/\/encuentroinformativo.com.mx\/index.php?rest_route=\/wp\/v2\/media\/26531"}],"wp:attachment":[{"href":"https:\/\/encuentroinformativo.com.mx\/index.php?rest_route=%2Fwp%2Fv2%2Fmedia&parent=26530"}],"wp:term":[{"taxonomy":"category","embeddable":true,"href":"https:\/\/encuentroinformativo.com.mx\/index.php?rest_route=%2Fwp%2Fv2%2Fcategories&post=26530"},{"taxonomy":"post_tag","embeddable":true,"href":"https:\/\/encuentroinformativo.com.mx\/index.php?rest_route=%2Fwp%2Fv2%2Ftags&post=26530"}],"curies":[{"name":"wp","href":"https:\/\/api.w.org\/{rel}","templated":true}]}}