{"id":26536,"date":"2022-04-28T11:33:54","date_gmt":"2022-04-28T16:33:54","guid":{"rendered":"https:\/\/encuentroinformativo.com.mx\/?p=26536"},"modified":"2022-04-28T11:33:57","modified_gmt":"2022-04-28T16:33:57","slug":"localizan-fosas-clandestinas-en-medellin-y-jamapa","status":"publish","type":"post","link":"https:\/\/encuentroinformativo.com.mx\/?p=26536","title":{"rendered":"Localizan fosas clandestinas en Medell\u00edn y Jamapa"},"content":{"rendered":"\n<p><strong>Dar\u00edo Pale<\/strong><\/p>\n\n\n\n<p>Xalapa, Ver.- Derivado de los cateos llevados a cabo en los municipios de Jamapa y Medell\u00edn, localizaron diversos puntos en los que se encuentran cuerpos de personas inhumadas.<\/p>\n\n\n\n<p>La Fiscal\u00eda General del Estado inform\u00f3 a trav\u00e9s de un comunicado, que el organismo aut\u00f3nomo defini\u00f3 que cuentan con autorizaci\u00f3n judicial de diligencia controlada de exhumaci\u00f3n, otorgada conforme a Derecho.<\/p>\n\n\n\n<p>Por lo que este jueves, atendiendo al principio de participaci\u00f3n conjunta, se iniciar\u00e1n los trabajos de recuperaci\u00f3n donde participar\u00e1n \u00a0la Comisi\u00f3n Estatal de B\u00fasqueda, Comisi\u00f3n Estatal de Derechos Humanos, Comisi\u00f3n Ejecutiva Estatal de Atenci\u00f3n Integral a V\u00edctimas y Colectivos de B\u00fasqueda de Personas Desaparecidas.<\/p>\n\n\n\n<p>La Fiscal puntualiz\u00f3 que la Unidad Especializada en Combate al Secuestro, desde el pasado 19 de abril, realiz\u00f3 diversos cateos en los municipios de Jamapa y Medelllin, por denuncias recibidas.<\/p>\n\n\n\n<p>En la realizaci\u00f3n de dichos cateos junto con la Polic\u00eda Ministerial, Ej\u00e9rcito Mexicano y Guardia Nacional, se suscitaron otros hechos delictivos, donde fueron intervenidos 9 presuntos delincuentes en el momento en que agred\u00edan a las fuerzas del orden.<\/p>\n\n\n\n<p>Mismos que fueron presentados ante el Juez de Control, respetando el debido proceso y sus derechos humanos.<\/p>\n\n\n\n<p>En dichos operativos aseguraron ocho armas largas, una granada de fragmentaci\u00f3n, equipo t\u00e1ctico como playeras operativas, chalecos antibalas, cascos operativos, insignias CJNG, equipos de radiocomunicaci\u00f3n, droga, utensilios punzocortantes y un veh\u00edculo camioneta.<\/p>\n\n\n\n<p>Asimismo, que el Juez vincul\u00f3 a proceso de los 9 detenidos dentro del proceso penal 110\/2022, por los delitos de tentativa de homicidio, delito contra las instituciones de seguridad p\u00fablica en agravio de elementos de la polic\u00eda ministerial, y narcomenudeo.<\/p>\n\n\n\n<p>Los detenidos son Mauri Nayeli \u201dN\u201d, Marlene \u201cN\u201d, Viridiana \u201cN\u201d, Octavio \u201cN\u201d, Rebeca \u201dN\u201d, Jos\u00e9 Fernando \u201cN\u201d, Francisco Fabi\u00e1n \u201cN\u201d, Ram\u00f3n \u201cN\u201d y Pablo \u201cN\u201d.<\/p>\n\n\n\n<p>Finalmente cabe se\u00f1alar que a los nueve vinculados a proceso les fue impuesta la medida cautelar de 1 a\u00f1o de prisi\u00f3n preventiva oficiosa, otorg\u00e1ndose 3 meses de investigaci\u00f3n complementaria.<\/p>\n","protected":false},"excerpt":{"rendered":"<p>Dar\u00edo Pale Xalapa, Ver.- Derivado de los cateos llevados a cabo en los municipios de Jamapa y Medell\u00edn, localizaron diversos puntos en los que se encuentran cuerpos de personas inhumadas. La Fiscal\u00eda General del Estado inform\u00f3 a trav\u00e9s de un comunicado, que el organismo aut\u00f3nomo defini\u00f3 que cuentan con autorizaci\u00f3n judicial de diligencia controlada de [&hellip;]<\/p>\n","protected":false},"author":1,"featured_media":26537,"comment_status":"open","ping_status":"open","sticky":false,"template":"","format":"standard","meta":{"_jetpack_memberships_contains_paid_content":false,"footnotes":""},"categories":[14],"tags":[],"class_list":["post-26536","post","type-post","status-publish","format-standard","has-post-thumbnail","hentry","category-policiaca"],"jetpack_featured_media_url":"https:\/\/encuentroinformativo.com.mx\/wp-content\/uploads\/2022\/04\/19E76C1F-8CCD-4E83-AF3F-D79D1B17EEE9.jpeg","jetpack_sharing_enabled":true,"jetpack_likes_enabled":true,"amp_enabled":true,"_links":{"self":[{"href":"https:\/\/encuentroinformativo.com.mx\/index.php?rest_route=\/wp\/v2\/posts\/26536","targetHints":{"allow":["GET"]}}],"collection":[{"href":"https:\/\/encuentroinformativo.com.mx\/index.php?rest_route=\/wp\/v2\/posts"}],"about":[{"href":"https:\/\/encuentroinformativo.com.mx\/index.php?rest_route=\/wp\/v2\/types\/post"}],"author":[{"embeddable":true,"href":"https:\/\/encuentroinformativo.com.mx\/index.php?rest_route=\/wp\/v2\/users\/1"}],"replies":[{"embeddable":true,"href":"https:\/\/encuentroinformativo.com.mx\/index.php?rest_route=%2Fwp%2Fv2%2Fcomments&post=26536"}],"version-history":[{"count":1,"href":"https:\/\/encuentroinformativo.com.mx\/index.php?rest_route=\/wp\/v2\/posts\/26536\/revisions"}],"predecessor-version":[{"id":26538,"href":"https:\/\/encuentroinformativo.com.mx\/index.php?rest_route=\/wp\/v2\/posts\/26536\/revisions\/26538"}],"wp:featuredmedia":[{"embeddable":true,"href":"https:\/\/encuentroinformativo.com.mx\/index.php?rest_route=\/wp\/v2\/media\/26537"}],"wp:attachment":[{"href":"https:\/\/encuentroinformativo.com.mx\/index.php?rest_route=%2Fwp%2Fv2%2Fmedia&parent=26536"}],"wp:term":[{"taxonomy":"category","embeddable":true,"href":"https:\/\/encuentroinformativo.com.mx\/index.php?rest_route=%2Fwp%2Fv2%2Fcategories&post=26536"},{"taxonomy":"post_tag","embeddable":true,"href":"https:\/\/encuentroinformativo.com.mx\/index.php?rest_route=%2Fwp%2Fv2%2Ftags&post=26536"}],"curies":[{"name":"wp","href":"https:\/\/api.w.org\/{rel}","templated":true}]}}