{"id":26551,"date":"2022-04-28T14:48:11","date_gmt":"2022-04-28T19:48:11","guid":{"rendered":"https:\/\/encuentroinformativo.com.mx\/?p=26551"},"modified":"2022-04-28T14:48:15","modified_gmt":"2022-04-28T19:48:15","slug":"igualdad-justicia-y-derechos-humanos-en-el-centro-de-la-reforma-laboral","status":"publish","type":"post","link":"https:\/\/encuentroinformativo.com.mx\/?p=26551","title":{"rendered":"Igualdad, justicia y derechos humanos, en el centro de la reforma laboral"},"content":{"rendered":"\n<p><strong>*Comisi\u00f3n permanente y Secretar\u00eda estatal colaboran en la difusi\u00f3n de la actualizaci\u00f3n legislativa, en la Semana de la Seguridad Social.<\/strong><\/p>\n\n\n\n<p>Xalapa, Ver.- Mayor igualdad y justicia en las condiciones laborales, celeridad en la soluci\u00f3n de conflictos y la prevalencia de los derechos humanos es la apuesta de la renovaci\u00f3n del marco jur\u00eddico en M\u00e9xico, afirm\u00f3 la presidenta de la Comisi\u00f3n Permanente de Trabajo y Previsi\u00f3n Social de la LXVI Legislatura, diputada Perla Eufemia Romero Rodr\u00edguez, al encabezar la cuarta jornada de la Semana de la Seguridad Social, que se realiza en la sede del Congreso del Estado.<\/p>\n\n\n\n<p>La legisladora recibi\u00f3 en el auditorio Sebasti\u00e1n Lerdo de Tejada del Palacio Legislativo a la titular de la Secretar\u00eda de Trabajo, Previsi\u00f3n Social y Productividad (STPSP) del Gobierno del Estado, Dorheny Garc\u00eda Cayetano, y al director Jur\u00eddico de la misma dependencia, V\u00edctor Luis Priego L\u00f3pez; al lado de las diputadas Cecilia Guevara, presidenta de la Mesa Directiva de la LXVI Legislatura; Itzel L\u00f3pez L\u00f3pez, secretaria de la referida comisi\u00f3n; Lourdes Ju\u00e1rez Lara y Lidia Irma Mezhua Campos.<\/p>\n\n\n\n<p>La legisladora Perla Eufemia Romero Rodr\u00edguez reconoci\u00f3 la acci\u00f3n coordinada que realizan autoridades estatales y federales para lograr la armonizaci\u00f3n en la puesta en marcha de la Reforma al Sistema de Justicia Laboral en el pa\u00eds y, asegur\u00f3, Veracruz no es la excepci\u00f3n.<\/p>\n\n\n\n<p>Entre distintos aspectos positivos de dicha reforma, mencion\u00f3 la creaci\u00f3n de los Centros de Conciliaci\u00f3n Laboral, as\u00ed como la libertad y democracia sindical y la Representaci\u00f3n Proporcional de G\u00e9nero en la conformaci\u00f3n de las planillas.<\/p>\n\n\n\n<p>Con estas reformas, a\u00f1adi\u00f3, se apuesta por modificar los instrumentos de conciliaci\u00f3n en M\u00e9xico y, con ello, hacer m\u00e1s f\u00e1cil, pr\u00e1ctico, pronto y expedito cualquier conflicto en la relaci\u00f3n trabajador-sindicato-patr\u00f3n y as\u00ed garantizar los derechos de las y los trabajadores.<\/p>\n\n\n\n<p>En el uso de la voz, la titular de la STPSP, Dorheny Garc\u00eda Cayetano, se pronunci\u00f3 por hacer del conocimiento de la sociedad mexicana, particularmente de las y los j\u00f3venes, los avances en materia de justicia laboral y defendi\u00f3 el derecho de estar informados respecto de las implicaciones de las nuevas reformas que privilegian los derechos de las personas trabajadoras.<\/p>\n\n\n\n<p>Refiri\u00f3 que, como diputada federal a la LXIV Legislatura, le correspondi\u00f3 votar la misma reforma que ahora tiene la responsabilidad de llevar a efecto desde la dependencia a su cargo.<\/p>\n\n\n\n<p>Coincidi\u00f3 con la diputada Perla Eufemia en ponderar una de las bondades de esta reforma consistente en reconocer los derechos de las mujeres trabajadoras, por lo que destac\u00f3 la importancia de legislar con perspectiva de g\u00e9nero con el prop\u00f3sito de beneficiar a las madres y a sus hijos y conciliar lo laboral con lo familiar.<\/p>\n\n\n\n<p>La funcionaria habl\u00f3 de la utilidad y funci\u00f3n de las normas oficiales mexicanas, como ordenamientos auxiliares en la aplicaci\u00f3n de las pol\u00edticas p\u00fablicas y la protecci\u00f3n de los derechos humanos de las personas dentro y fuera del \u00e1mbito del trabajo.<\/p>\n\n\n\n<p>Correspondi\u00f3 al director Jur\u00eddico de la STPSP, V\u00edctor Luis Priego L\u00f3pez, impartir la conferencia \u201cEl nuevo modelo de justicia laboral en M\u00e9xico\u201d ante estudiantes del Conalep 162 &#8220;Manuel Rivera Cambas&#8221; de Xalapa, docentes del Instituto Tecnol\u00f3gico de Perote, especialistas en Derecho y personal de los poderes Ejecutivo y Legislativo del estado.<\/p>\n","protected":false},"excerpt":{"rendered":"<p>*Comisi\u00f3n permanente y Secretar\u00eda estatal colaboran en la difusi\u00f3n de la actualizaci\u00f3n legislativa, en la Semana de la Seguridad Social. Xalapa, Ver.- Mayor igualdad y justicia en las condiciones laborales, celeridad en la soluci\u00f3n de conflictos y la prevalencia de los derechos humanos es la apuesta de la renovaci\u00f3n del marco jur\u00eddico en M\u00e9xico, afirm\u00f3 [&hellip;]<\/p>\n","protected":false},"author":1,"featured_media":26552,"comment_status":"open","ping_status":"open","sticky":false,"template":"","format":"standard","meta":{"_jetpack_memberships_contains_paid_content":false,"footnotes":""},"categories":[2],"tags":[],"class_list":["post-26551","post","type-post","status-publish","format-standard","has-post-thumbnail","hentry","category-estado"],"jetpack_featured_media_url":"https:\/\/encuentroinformativo.com.mx\/wp-content\/uploads\/2022\/04\/99E2D0CC-21C8-4394-B533-17A40EFD928B.jpeg","jetpack_sharing_enabled":true,"jetpack_likes_enabled":true,"amp_enabled":true,"_links":{"self":[{"href":"https:\/\/encuentroinformativo.com.mx\/index.php?rest_route=\/wp\/v2\/posts\/26551","targetHints":{"allow":["GET"]}}],"collection":[{"href":"https:\/\/encuentroinformativo.com.mx\/index.php?rest_route=\/wp\/v2\/posts"}],"about":[{"href":"https:\/\/encuentroinformativo.com.mx\/index.php?rest_route=\/wp\/v2\/types\/post"}],"author":[{"embeddable":true,"href":"https:\/\/encuentroinformativo.com.mx\/index.php?rest_route=\/wp\/v2\/users\/1"}],"replies":[{"embeddable":true,"href":"https:\/\/encuentroinformativo.com.mx\/index.php?rest_route=%2Fwp%2Fv2%2Fcomments&post=26551"}],"version-history":[{"count":1,"href":"https:\/\/encuentroinformativo.com.mx\/index.php?rest_route=\/wp\/v2\/posts\/26551\/revisions"}],"predecessor-version":[{"id":26553,"href":"https:\/\/encuentroinformativo.com.mx\/index.php?rest_route=\/wp\/v2\/posts\/26551\/revisions\/26553"}],"wp:featuredmedia":[{"embeddable":true,"href":"https:\/\/encuentroinformativo.com.mx\/index.php?rest_route=\/wp\/v2\/media\/26552"}],"wp:attachment":[{"href":"https:\/\/encuentroinformativo.com.mx\/index.php?rest_route=%2Fwp%2Fv2%2Fmedia&parent=26551"}],"wp:term":[{"taxonomy":"category","embeddable":true,"href":"https:\/\/encuentroinformativo.com.mx\/index.php?rest_route=%2Fwp%2Fv2%2Fcategories&post=26551"},{"taxonomy":"post_tag","embeddable":true,"href":"https:\/\/encuentroinformativo.com.mx\/index.php?rest_route=%2Fwp%2Fv2%2Ftags&post=26551"}],"curies":[{"name":"wp","href":"https:\/\/api.w.org\/{rel}","templated":true}]}}