{"id":26558,"date":"2022-04-28T19:46:41","date_gmt":"2022-04-29T00:46:41","guid":{"rendered":"https:\/\/encuentroinformativo.com.mx\/?p=26558"},"modified":"2022-04-28T19:46:47","modified_gmt":"2022-04-29T00:46:47","slug":"inauguran-en-el-congreso-primer-foro-veracruzano-de-ciencia-y-tecnologia","status":"publish","type":"post","link":"https:\/\/encuentroinformativo.com.mx\/?p=26558","title":{"rendered":"Inauguran en el Congreso Primer Foro Veracruzano de Ciencia y Tecnolog\u00eda"},"content":{"rendered":"\n<p><strong>*Con este tipo de actividades se pretende despertar en ni\u00f1as, ni\u00f1os y j\u00f3venes el inter\u00e9s en la investigaci\u00f3n y la ciencia: diputada Ver\u00f3nica Pulido Herrera.<\/strong><\/p>\n\n\n\n<p>Xalapa, Ver.- Con conferencias magistrales, muestras de prototipos e impartici\u00f3n de talleres en el \u00e1rea de la tecnolog\u00eda e investigaci\u00f3n, dio inicio el Primer Foro Veracruzano de Ciencia y Tecnolog\u00eda en el Palacio Legislativo de Veracruz, organizado por la Comisi\u00f3n Permanente de Ciencia y Tecnolog\u00eda de la LXVI Legislatura.<\/p>\n\n\n\n<p>Durante la inauguraci\u00f3n y ante la presidenta de la Mesa Directiva, diputada Cecilia Guevara, la presidenta de dicha comisi\u00f3n, diputada Ver\u00f3nica Pulido Herrera, se congratul\u00f3 por la realizaci\u00f3n, por primera vez, de un foro con estas caracter\u00edsticas, lo cual se traduce, dijo, en una gran oportunidad para despertar en ni\u00f1as, ni\u00f1os y j\u00f3venes el inter\u00e9s en realizar investigaciones \u00fatiles para beneficio de la sociedad mexicana.<\/p>\n\n\n\n<p>Destac\u00f3 que con cada una de las actividades del foro, se impulsar\u00e1 y fomentar\u00e1 entre los participantes el inter\u00e9s en el conocimiento cient\u00edfico, con una perspectiva m\u00e1s racional, moderna y funcional del mundo y de la realidad, que les permita expandir sus destrezas, habilidades y talentos para aportar a la sociedad.<\/p>\n\n\n\n<p>Finalmente, la legisladora indic\u00f3 que el derecho humano a gozar de los beneficios del desarrollo de la ciencia y la innovaci\u00f3n debe ser respetado, garantizado y ejercido, sin ning\u00fan tipo de discriminaci\u00f3n, condici\u00f3n ni pretexto, por lo que el principal prop\u00f3sito del foro es ser un mecanismo de promoci\u00f3n de este derecho fundamental .<\/p>\n\n\n\n<p>En su mensaje de bienvenida, el presidente de la Junta de Coordinaci\u00f3n Pol\u00edtica de este Congreso (Jucopo), diputado Juan Javier G\u00f3mez Cazar\u00edn, reconoci\u00f3 a los integrantes de la Comisi\u00f3n su iniciativa e inter\u00e9s en que el Palacio Legislativo haya sido sede de este encuentro.<\/p>\n\n\n\n<p>Tambi\u00e9n dijo que el Gobierno de Veracruz tiene un fuerte compromiso con la educaci\u00f3n, la ciencia y la tecnolog\u00eda y reconoci\u00f3 el talento de las y los estudiantes de institutos tecnol\u00f3gicos de la entidad que han obtenido premios a nivel mundial.<\/p>\n\n\n\n<p>Consider\u00f3 necesario que los \u00f3rdenes de gobierno y los poderes p\u00fablicos se nutran de m\u00e1s especialistas del \u00e1rea t\u00e9cnica, toda vez que el pensamiento tecnol\u00f3gico puede aportar al desarrollo de un estado.<\/p>\n\n\n\n<p>El foro se lleva a cabo los d\u00edas 28 y 29 de abril, en el marco del D\u00eda Mundial de la Ciencia y Tecnolog\u00eda, con la participaci\u00f3n de catedr\u00e1ticos e investigadores de la Universidad Veracruzana, del Colegio de Veracruz y de los Institutos Tecnol\u00f3gicos Superiores de Xalapa, Naranjos y Misantla.<\/p>\n\n\n\n<p>Durante estos d\u00edas, estudiantes del nivel medio-superior y p\u00fablico en general podr\u00e1n escuchar ponencias sobre ciencia, desarrollo tecnol\u00f3gico e innovaci\u00f3n, hiperdigitalizaci\u00f3n, agroindustria, recurso solar, investigaci\u00f3n al servicio de la sociedad, biotecnolog\u00eda ambiental y sustentabilidad y econom\u00eda circular, entre otros.<\/p>\n\n\n\n<p>Tambi\u00e9n la presentaci\u00f3n de los prototipos Huertos Inteligentes y Enfriador Evaporativo Optimizado por Refrigeraci\u00f3n Termoel\u00e9ctrica, adem\u00e1s del taller Haz tu propio jab\u00f3n y una exposici\u00f3n en el \u00e1rea de Rob\u00f3tica.<\/p>\n\n\n\n<p>Asistieron a la inauguraci\u00f3n del Primer Foro Veracruzano de Ciencia y Tecnolog\u00eda el diputado Juan Enrique Santos Mendoza y la diputada Perla Eufemia Romero Rodr\u00edguez, secretario y vocal respetivamente de la Comisi\u00f3n Permanente de Ciencia y Tecnolog\u00eda, as\u00ed como las legisladoras Adriana Esther Mart\u00ednez S\u00e1nchez, Ana Miriam Ferr\u00e1ez Centeno, Ruth Callejas Rold\u00e1n, Arianna Guadalupe \u00c1ngeles Aguirre y Gisela L\u00f3pez L\u00f3pez, as\u00ed como el diputado Ram\u00f3n D\u00edaz \u00c1vila.<\/p>\n\n\n\n<p>Tambi\u00e9n, el director general del Consejo Veracruzano de Investigaci\u00f3n Cient\u00edfica y Desarrollo Tecnol\u00f3gico (Coveicydet), Darwin Mayorga Cruz; la directora del Instituto Consorcio Clavijero, Eloisa Ruiz Gonz\u00e1lez, y el director general del Colegio de Educaci\u00f3n Profesional T\u00e9cnica del estado de Veracruz, Jes\u00fas Guillermo Ar\u00e9valo Owseykoff.<\/p>\n","protected":false},"excerpt":{"rendered":"<p>*Con este tipo de actividades se pretende despertar en ni\u00f1as, ni\u00f1os y j\u00f3venes el inter\u00e9s en la investigaci\u00f3n y la ciencia: diputada Ver\u00f3nica Pulido Herrera. Xalapa, Ver.- Con conferencias magistrales, muestras de prototipos e impartici\u00f3n de talleres en el \u00e1rea de la tecnolog\u00eda e investigaci\u00f3n, dio inicio el Primer Foro Veracruzano de Ciencia y Tecnolog\u00eda [&hellip;]<\/p>\n","protected":false},"author":1,"featured_media":26559,"comment_status":"open","ping_status":"open","sticky":false,"template":"","format":"standard","meta":{"_jetpack_memberships_contains_paid_content":false,"footnotes":""},"categories":[2],"tags":[],"class_list":["post-26558","post","type-post","status-publish","format-standard","has-post-thumbnail","hentry","category-estado"],"jetpack_featured_media_url":"https:\/\/encuentroinformativo.com.mx\/wp-content\/uploads\/2022\/04\/0755A1F4-1900-411F-AC65-3164402E2BFA.jpeg","jetpack_sharing_enabled":true,"jetpack_likes_enabled":true,"amp_enabled":true,"_links":{"self":[{"href":"https:\/\/encuentroinformativo.com.mx\/index.php?rest_route=\/wp\/v2\/posts\/26558","targetHints":{"allow":["GET"]}}],"collection":[{"href":"https:\/\/encuentroinformativo.com.mx\/index.php?rest_route=\/wp\/v2\/posts"}],"about":[{"href":"https:\/\/encuentroinformativo.com.mx\/index.php?rest_route=\/wp\/v2\/types\/post"}],"author":[{"embeddable":true,"href":"https:\/\/encuentroinformativo.com.mx\/index.php?rest_route=\/wp\/v2\/users\/1"}],"replies":[{"embeddable":true,"href":"https:\/\/encuentroinformativo.com.mx\/index.php?rest_route=%2Fwp%2Fv2%2Fcomments&post=26558"}],"version-history":[{"count":1,"href":"https:\/\/encuentroinformativo.com.mx\/index.php?rest_route=\/wp\/v2\/posts\/26558\/revisions"}],"predecessor-version":[{"id":26560,"href":"https:\/\/encuentroinformativo.com.mx\/index.php?rest_route=\/wp\/v2\/posts\/26558\/revisions\/26560"}],"wp:featuredmedia":[{"embeddable":true,"href":"https:\/\/encuentroinformativo.com.mx\/index.php?rest_route=\/wp\/v2\/media\/26559"}],"wp:attachment":[{"href":"https:\/\/encuentroinformativo.com.mx\/index.php?rest_route=%2Fwp%2Fv2%2Fmedia&parent=26558"}],"wp:term":[{"taxonomy":"category","embeddable":true,"href":"https:\/\/encuentroinformativo.com.mx\/index.php?rest_route=%2Fwp%2Fv2%2Fcategories&post=26558"},{"taxonomy":"post_tag","embeddable":true,"href":"https:\/\/encuentroinformativo.com.mx\/index.php?rest_route=%2Fwp%2Fv2%2Ftags&post=26558"}],"curies":[{"name":"wp","href":"https:\/\/api.w.org\/{rel}","templated":true}]}}