{"id":2656,"date":"2020-05-19T14:52:42","date_gmt":"2020-05-19T19:52:42","guid":{"rendered":"https:\/\/encuentroinformativo.com\/?p=2656"},"modified":"2020-05-19T14:52:50","modified_gmt":"2020-05-19T19:52:50","slug":"veracruz-pierde-su-vegetacion-original-senalan-academicos","status":"publish","type":"post","link":"https:\/\/encuentroinformativo.com.mx\/?p=2656","title":{"rendered":"Veracruz pierde su vegetaci\u00f3n original, se\u00f1alan acad\u00e9micos"},"content":{"rendered":"\n<p><strong>Juan Arcos <\/strong><\/p>\n\n\n\n<p>Xalapa, Ver.- Veracruz ha perdido el 75 por ciento de su vegetaci\u00f3n original, revel\u00f3 H\u00e9ctor Narave Flores, acad\u00e9mico de tiempo completo en la Facultad de Biolog\u00eda de la Universidad Veracruzana (UV).<\/p>\n\n\n\n<p>Por ello, el especialista consider\u00f3 que la extinci\u00f3n del Fondo Ambiental Veracruzano (FAV) agravar\u00e1 la crisis ambiental, incrementar\u00e1 el deterioro de los recursos naturales y ocasionar\u00e1 m\u00e1s problemas sociales en la entidad.<\/p>\n\n\n\n<p>\u201cHoy que se requiere fortalecer la salud ambiental de los ecosistemas, pareciera que Veracruz va a perder la \u00fanica fuente de apoyo para la conservaci\u00f3n de los recursos naturales y la \u00fanica fuente de apoyo a los grupos sociales, gente del campo, campesinos, que est\u00e1n trabajando en proyectos para la conservaci\u00f3n de recursos naturales\u201d, expres\u00f3.<\/p>\n\n\n\n<p>El profesor detall\u00f3 que Veracruz es el estado con mayor n\u00famero de especies de flora y fauna en peligro de extinci\u00f3n, que se encuentran en la Norma Oficial Mexicana (NOM) 059 de la Secretar\u00eda de Medio Ambiente y Recursos Naturales (Semarnat).<\/p>\n\n\n\n<p>Narave Flores coment\u00f3 que el 50% de los residuos s\u00f3lidos son depositados en tiraderos a cielo abierto: en barrancas y vegas de arroyos.<\/p>\n\n\n\n<p>Se calcula que son cerca de 3 mil toneladas de basura que no cuentan con un manejo responsable.<\/p>\n\n\n\n<p>Cabe recordar que en Veracruz se generan m\u00e1s de 6 mil toneladas de basura al d\u00eda, ha revelado la titular de la Secretar\u00eda de Medio Ambiente (Sedema), Mar\u00eda del Roc\u00edo P\u00e9rez P\u00e9rez.<\/p>\n\n\n\n<p>La entidad se ubica en la tercera posici\u00f3n a nivel nacional en la generaci\u00f3n de m\u00e1s m\u00e1s residuos s\u00f3lidos.<\/p>\n\n\n\n<p>\u201cEs decir s\u00f3lo la mitad va a rellenos sanitarios, que tambi\u00e9n todos tienen problemas ambientales, no hay un relleno sanitario que funcione de acuerdo a la norma de manera eficiente\u201d, refiri\u00f3 el acad\u00e9mico.<\/p>\n\n\n\n<p>Aunado a lo anterior, s\u00f3lo el 25 por ciento de las aguas residuales son tratadas.<\/p>\n\n\n\n<p><\/p>\n","protected":false},"excerpt":{"rendered":"<p>Juan Arcos Xalapa, Ver.- Veracruz ha perdido el 75 por ciento de su vegetaci\u00f3n original, revel\u00f3 H\u00e9ctor Narave Flores, acad\u00e9mico de tiempo completo en la Facultad de Biolog\u00eda de la Universidad Veracruzana (UV). Por ello, el especialista consider\u00f3 que la extinci\u00f3n del Fondo Ambiental Veracruzano (FAV) agravar\u00e1 la crisis ambiental, incrementar\u00e1 el deterioro de los [&hellip;]<\/p>\n","protected":false},"author":1,"featured_media":2657,"comment_status":"open","ping_status":"open","sticky":false,"template":"","format":"standard","meta":{"_jetpack_memberships_contains_paid_content":false,"footnotes":""},"categories":[2],"tags":[],"class_list":["post-2656","post","type-post","status-publish","format-standard","has-post-thumbnail","hentry","category-estado"],"jetpack_featured_media_url":"https:\/\/encuentroinformativo.com.mx\/wp-content\/uploads\/2020\/05\/C258A296-5AF7-405B-B172-3D8BF5708982.jpeg","jetpack_sharing_enabled":true,"jetpack_likes_enabled":true,"amp_enabled":true,"_links":{"self":[{"href":"https:\/\/encuentroinformativo.com.mx\/index.php?rest_route=\/wp\/v2\/posts\/2656","targetHints":{"allow":["GET"]}}],"collection":[{"href":"https:\/\/encuentroinformativo.com.mx\/index.php?rest_route=\/wp\/v2\/posts"}],"about":[{"href":"https:\/\/encuentroinformativo.com.mx\/index.php?rest_route=\/wp\/v2\/types\/post"}],"author":[{"embeddable":true,"href":"https:\/\/encuentroinformativo.com.mx\/index.php?rest_route=\/wp\/v2\/users\/1"}],"replies":[{"embeddable":true,"href":"https:\/\/encuentroinformativo.com.mx\/index.php?rest_route=%2Fwp%2Fv2%2Fcomments&post=2656"}],"version-history":[{"count":1,"href":"https:\/\/encuentroinformativo.com.mx\/index.php?rest_route=\/wp\/v2\/posts\/2656\/revisions"}],"predecessor-version":[{"id":2658,"href":"https:\/\/encuentroinformativo.com.mx\/index.php?rest_route=\/wp\/v2\/posts\/2656\/revisions\/2658"}],"wp:featuredmedia":[{"embeddable":true,"href":"https:\/\/encuentroinformativo.com.mx\/index.php?rest_route=\/wp\/v2\/media\/2657"}],"wp:attachment":[{"href":"https:\/\/encuentroinformativo.com.mx\/index.php?rest_route=%2Fwp%2Fv2%2Fmedia&parent=2656"}],"wp:term":[{"taxonomy":"category","embeddable":true,"href":"https:\/\/encuentroinformativo.com.mx\/index.php?rest_route=%2Fwp%2Fv2%2Fcategories&post=2656"},{"taxonomy":"post_tag","embeddable":true,"href":"https:\/\/encuentroinformativo.com.mx\/index.php?rest_route=%2Fwp%2Fv2%2Ftags&post=2656"}],"curies":[{"name":"wp","href":"https:\/\/api.w.org\/{rel}","templated":true}]}}