{"id":26564,"date":"2022-04-29T09:45:06","date_gmt":"2022-04-29T14:45:06","guid":{"rendered":"https:\/\/encuentroinformativo.com.mx\/?p=26564"},"modified":"2022-04-29T09:45:09","modified_gmt":"2022-04-29T14:45:09","slug":"pendejear-es-el-verbo","status":"publish","type":"post","link":"https:\/\/encuentroinformativo.com.mx\/?p=26564","title":{"rendered":"Pendejear es el verbo"},"content":{"rendered":"\n<p><strong>Los Pol\u00edticos<\/strong><br><br><strong>Salvador Mu\u00f1oz<\/strong><\/p>\n\n\n\n<p>Pendejear como Chingar son quiz\u00e1s los verbos m\u00e1s socorridos de nuestra cultura\u2026Pobre, rico, mujer u hombre, pol\u00edtico o simple ciudadano pueden Pendejear ya sea de manera directa, en corto, en privado, en lo m\u00e1s rec\u00f3ndito de sus pensamientos o en la confianza de quien tenga a lado, incluso, hasta con un desconocido\u2026<\/p>\n\n\n\n<p>Quien Pendejea tiene un aire de superioridad sobre el sujeto de la Pendejez porque asume que lo que hizo, dijo o argumenta, es una Pendejada\u2026<\/p>\n\n\n\n<p>Tambi\u00e9n se utiliza Apendejado porque no es lo mismo Ser Pendejo que Estar Pendejo\u2026 por ejemplo, dicen que cuando uno se enamora, est\u00e1 uno todo Pendejo, o Apendejado\u2026 pero cuando a uno lo enga\u00f1an, lo agarran de Pendejo\u2026 parece lo mismo, pero no<\/p>\n\n\n\n<p>Recuerden a T\u00edo Fide cuando est\u00e1 hablando con el Fogoso y \u00e9se le dice que Javier Duarte no ocup\u00f3 un material para su candidatura, Herrera Beltr\u00e1n le responde: \u201c\u00a1D\u00e1melo a m\u00ed, hombre! \u00a1(Duarte) anda muy reapendejado!\u201d<\/p>\n\n\n\n<p>S\u00ed, pudi\u00e9ramos decir que es una forma de expresi\u00f3n muy com\u00fan en nuestra cotidianidad, ya sea de manera abierta o cerrada, entre dientes\u2026 y casos como el de T\u00edo Fide no son \u00fanicos\u2026 \u00a1vamos!<\/p>\n\n\n\n<p>Hasta el mismo Andr\u00e9s Manuel L\u00f3pez Obrador ha sido objetivo de este insulto y hasta con su aderezo \u00a1y \u00e9l mismo lo exhibi\u00f3! No, no me refiero a \u201cEl Imb\u00e9cil de Palacio\u201d donde se puso el saco\u2026 sino al \u201cPendejo y Petulante\u201d de H\u00e9ctor Aguilar Cam\u00edn\u2026En una intervenci\u00f3n que el acad\u00e9mico hizo en el coloquio del Grupo Generativo Patria 62, dice:<\/p>\n\n\n\n<p>\u201cTenemos elecciones intermedias en 2021 donde hay que derrotar a Morena y a L\u00f3pez, y luego en el 22 muy probablemente, si perdi\u00f3 las elecciones del 21, estar\u00e1 tan jodido todo el pa\u00eds, porque no se va a recuperar muy r\u00e1pido, que probablemente pierda la revocaci\u00f3n de mandato por Pendejo y por Petulante\u201d.<\/p>\n\n\n\n<p>No vayamos tan lejos\u2026 hace poco, el alcalde de Culiac\u00e1n, Sinaloa, Jes\u00fas Estrada Ferreiro, al responder a los cuestionamientos de la prensa, tras haber dicho que la mujer propiciaba \u201cque le causen da\u00f1o por no seguir las recomendaciones dadas\u201d, respondi\u00f3 algo as\u00ed: \u201cEl peri\u00f3dico, o quien sac\u00f3 esa pendejada, est\u00e1 alterando, est\u00e1 sacando de contexto las cosas porque ah\u00ed fui correcto. Lean lo que dije, que no se hagan pendejos los que escriben\u201d<\/p>\n\n\n\n<p>\u00a1Ojo! Porque aqu\u00ed, \u201chacerse Pendejo\u201d tiene dos contextos: \u00a0en un caso, desperdiciar tiempo; y en otro, mostrar un dejo de inteligencia, algo as\u00ed como \u201cNavegar con bandera de Pendejo\u201d&#8230;<\/p>\n\n\n\n<p>Todas estas Pendejadas vienen a cuento por Gabriel Quadri\u2026En una reuni\u00f3n de Comisi\u00f3n legislativa en San L\u00e1zaro, el diputado panista expres\u00f3 \u201cla sarta de pendejadas que dijo esta pendeja\u201d con clara alusi\u00f3n redundante a la legisladora Vanessa del Castillo\u2026<\/p>\n\n\n\n<p>Realmente no s\u00e9 qu\u00e9 haya dicho la legisladora de Morena para que Quadri, un pol\u00edtico que estuvo a la altura de Candidato Presidenciable, se refiera a ella como lo hizo\u2026 aunque si la se\u00f1ora hubiera dicho una Pendejada creo que se est\u00e1 en el ejercicio de expresar lo que quiera, lo que crea, aunque as\u00ed fuera una Pendejada\u2026 como aqu\u00ed lo hacemos casi a diario\u2026 el asunto creo es que si a Quadri no le Quadri lo que se dice, bien pudo pedir el uso de la voz, y expresar su desacuerdo con las ideas de la compa\u00f1era legisladora, pero no usando Pendejadas o Pendeja, sino d\u00e1ndole nivel a su argumento.<\/p>\n\n\n\n<p>Lo curioso es que en este caso, hay quienes ensalzan a Quadri por usar tales expresiones contra Vanessa del Castillo\u2026 parece que estamos llegando a un nivel pol\u00edtico-medi\u00e1tico que quiz\u00e1s all\u00ed estaba, latente, que si bien se adivinaba en la gesticulaci\u00f3n de sus autores o en los sin\u00f3nimos utilizados, no explotaba\u2026 o quiz\u00e1s s\u00ed y no nos d\u00e1bamos cuenta pero ahora, con la apertura de los medios electr\u00f3nicos, la extraordinaria difusi\u00f3n de los hechos, y el excesivo protagonismo de nuestros pol\u00edticos, hace que estemos hoy m\u00e1s pendientes que antes, de sus pendejadas, tanto de quien las hace como de quien las dice\u2026 qui\u00e9n sabe, pero teniendo un diputado del PAN con una sanci\u00f3n por violencia pol\u00edtica de g\u00e9nero sobre sus espaldas, y ahora, con esta nueva bravata, bien podr\u00edamos estar hablando de que hay Pendejos al Cuadrado y Pendejos al Quadrido\u2026<\/p>\n\n\n\n<p>\u00a0<a rel=\"noreferrer noopener\" href=\"mailto:smcainito@gmail.com\" target=\"_blank\">smcainito@gmail.com<\/a><\/p>\n","protected":false},"excerpt":{"rendered":"<p>Los Pol\u00edticos Salvador Mu\u00f1oz Pendejear como Chingar son quiz\u00e1s los verbos m\u00e1s socorridos de nuestra cultura\u2026Pobre, rico, mujer u hombre, pol\u00edtico o simple ciudadano pueden Pendejear ya sea de manera directa, en corto, en privado, en lo m\u00e1s rec\u00f3ndito de sus pensamientos o en la confianza de quien tenga a lado, incluso, hasta con un [&hellip;]<\/p>\n","protected":false},"author":1,"featured_media":387,"comment_status":"open","ping_status":"open","sticky":false,"template":"","format":"standard","meta":{"_jetpack_memberships_contains_paid_content":false,"footnotes":""},"categories":[11],"tags":[],"class_list":["post-26564","post","type-post","status-publish","format-standard","has-post-thumbnail","hentry","category-opinion"],"jetpack_featured_media_url":"https:\/\/encuentroinformativo.com.mx\/wp-content\/uploads\/2020\/03\/7CF8A22B-2764-47BE-8F7F-38FE9E5D6A2F.jpeg","jetpack_sharing_enabled":true,"jetpack_likes_enabled":true,"amp_enabled":true,"_links":{"self":[{"href":"https:\/\/encuentroinformativo.com.mx\/index.php?rest_route=\/wp\/v2\/posts\/26564","targetHints":{"allow":["GET"]}}],"collection":[{"href":"https:\/\/encuentroinformativo.com.mx\/index.php?rest_route=\/wp\/v2\/posts"}],"about":[{"href":"https:\/\/encuentroinformativo.com.mx\/index.php?rest_route=\/wp\/v2\/types\/post"}],"author":[{"embeddable":true,"href":"https:\/\/encuentroinformativo.com.mx\/index.php?rest_route=\/wp\/v2\/users\/1"}],"replies":[{"embeddable":true,"href":"https:\/\/encuentroinformativo.com.mx\/index.php?rest_route=%2Fwp%2Fv2%2Fcomments&post=26564"}],"version-history":[{"count":1,"href":"https:\/\/encuentroinformativo.com.mx\/index.php?rest_route=\/wp\/v2\/posts\/26564\/revisions"}],"predecessor-version":[{"id":26565,"href":"https:\/\/encuentroinformativo.com.mx\/index.php?rest_route=\/wp\/v2\/posts\/26564\/revisions\/26565"}],"wp:featuredmedia":[{"embeddable":true,"href":"https:\/\/encuentroinformativo.com.mx\/index.php?rest_route=\/wp\/v2\/media\/387"}],"wp:attachment":[{"href":"https:\/\/encuentroinformativo.com.mx\/index.php?rest_route=%2Fwp%2Fv2%2Fmedia&parent=26564"}],"wp:term":[{"taxonomy":"category","embeddable":true,"href":"https:\/\/encuentroinformativo.com.mx\/index.php?rest_route=%2Fwp%2Fv2%2Fcategories&post=26564"},{"taxonomy":"post_tag","embeddable":true,"href":"https:\/\/encuentroinformativo.com.mx\/index.php?rest_route=%2Fwp%2Fv2%2Ftags&post=26564"}],"curies":[{"name":"wp","href":"https:\/\/api.w.org\/{rel}","templated":true}]}}