{"id":26572,"date":"2022-04-29T11:51:16","date_gmt":"2022-04-29T16:51:16","guid":{"rendered":"https:\/\/encuentroinformativo.com.mx\/?p=26572"},"modified":"2022-04-29T11:51:19","modified_gmt":"2022-04-29T16:51:19","slug":"cfe-deja-sin-luz-pozo-que-abastece-agua-en-alto-lucero","status":"publish","type":"post","link":"https:\/\/encuentroinformativo.com.mx\/?p=26572","title":{"rendered":"CFE deja sin luz pozo que abastece agua en  Alto Lucero"},"content":{"rendered":"\n<p><strong>Dar\u00edo Pale <\/strong><\/p>\n\n\n\n<p>Xalapa, Ver.- Jorge Morales Barrag\u00e1n Secretario General y Vocero del Movimiento de Resistencia Civil &#8220;La Leyenda del Chucho el Roto&#8221;, dio a conocer que en una comunidad de Alto Lucero la Comisi\u00f3n Federal de Electricidad (CFE), corto la energ\u00eda el\u00e9ctrica a un pozo que suministra el agua potable a cuatro comunidades.<\/p>\n\n\n\n<p>En conferencia de prensa se\u00f1al\u00f3 que el d\u00eda de ayer en la zona de Palma Sola del municipio de Alto Lucero, \u00a0en la comunidad de la Vainilla llego personal de la CFE y abusando del poder sobrepasando los derechos humanos y ciudadanos que tiene cada uno como persona y corto el suministro de energ\u00eda el\u00e9ctrica a un pozo que suministra el agua potable a cuatro comunidades.<\/p>\n\n\n\n<p>Dio a conocer que esto afecta a m\u00e1s de mil personas de las comunidades de Palma Sola, Vainillas y Potrero Alto, del municipio de Alto Lucero, ya que se quedaron sin agua por lo que habitantes quer\u00edan tomar la carretera 180 pero quieren tener un di\u00e1logo para no tener ning\u00fan percance en el estado de Veracruz.<\/p>\n\n\n\n<p>\u201cHemos tenido muchos problemas con esa l\u00ednea de energ\u00eda de ese pozo de agua potable y ayer los directivos de la empresa paraestatal decidieron suspender el servicio el\u00e9ctrico\u201d, se\u00f1al\u00f3.<\/p>\n\n\n\n<p>La medida que tom\u00f3 la CFE pareciera que buscan una confrontaci\u00f3n con la poblaci\u00f3n, porque ellos siempre han privilegiado el di\u00e1logo y la negociaci\u00f3n para que est\u00e9 tema no se salga de control y no tengamos ning\u00fan percance en el estado de Veracruz.<\/p>\n\n\n\n<p>Finalmente dio a conocer que est\u00e1n solicitando la intervenci\u00f3n del Mandatario Veracruzano, quien se enlaz\u00f3 con los directivos de CFE y afortunadamente a la 01:00 horas de este viernes se restableci\u00f3 el servicio de energ\u00eda el\u00e9ctrica y por ende el abastecimiento de agua para las familias afectadas, quienes reconocieron el trabajo del personal de la paraestatal para lograr el restablecimiento del servicio.<\/p>\n","protected":false},"excerpt":{"rendered":"<p>Dar\u00edo Pale Xalapa, Ver.- Jorge Morales Barrag\u00e1n Secretario General y Vocero del Movimiento de Resistencia Civil &#8220;La Leyenda del Chucho el Roto&#8221;, dio a conocer que en una comunidad de Alto Lucero la Comisi\u00f3n Federal de Electricidad (CFE), corto la energ\u00eda el\u00e9ctrica a un pozo que suministra el agua potable a cuatro comunidades. En conferencia [&hellip;]<\/p>\n","protected":false},"author":1,"featured_media":26573,"comment_status":"open","ping_status":"open","sticky":false,"template":"","format":"standard","meta":{"_jetpack_memberships_contains_paid_content":false,"footnotes":""},"categories":[8],"tags":[],"class_list":["post-26572","post","type-post","status-publish","format-standard","has-post-thumbnail","hentry","category-region"],"jetpack_featured_media_url":"https:\/\/encuentroinformativo.com.mx\/wp-content\/uploads\/2022\/04\/B0949F16-2EA6-419D-8E88-3AFAED85E7C9.jpeg","jetpack_sharing_enabled":true,"jetpack_likes_enabled":true,"amp_enabled":true,"_links":{"self":[{"href":"https:\/\/encuentroinformativo.com.mx\/index.php?rest_route=\/wp\/v2\/posts\/26572","targetHints":{"allow":["GET"]}}],"collection":[{"href":"https:\/\/encuentroinformativo.com.mx\/index.php?rest_route=\/wp\/v2\/posts"}],"about":[{"href":"https:\/\/encuentroinformativo.com.mx\/index.php?rest_route=\/wp\/v2\/types\/post"}],"author":[{"embeddable":true,"href":"https:\/\/encuentroinformativo.com.mx\/index.php?rest_route=\/wp\/v2\/users\/1"}],"replies":[{"embeddable":true,"href":"https:\/\/encuentroinformativo.com.mx\/index.php?rest_route=%2Fwp%2Fv2%2Fcomments&post=26572"}],"version-history":[{"count":1,"href":"https:\/\/encuentroinformativo.com.mx\/index.php?rest_route=\/wp\/v2\/posts\/26572\/revisions"}],"predecessor-version":[{"id":26574,"href":"https:\/\/encuentroinformativo.com.mx\/index.php?rest_route=\/wp\/v2\/posts\/26572\/revisions\/26574"}],"wp:featuredmedia":[{"embeddable":true,"href":"https:\/\/encuentroinformativo.com.mx\/index.php?rest_route=\/wp\/v2\/media\/26573"}],"wp:attachment":[{"href":"https:\/\/encuentroinformativo.com.mx\/index.php?rest_route=%2Fwp%2Fv2%2Fmedia&parent=26572"}],"wp:term":[{"taxonomy":"category","embeddable":true,"href":"https:\/\/encuentroinformativo.com.mx\/index.php?rest_route=%2Fwp%2Fv2%2Fcategories&post=26572"},{"taxonomy":"post_tag","embeddable":true,"href":"https:\/\/encuentroinformativo.com.mx\/index.php?rest_route=%2Fwp%2Fv2%2Ftags&post=26572"}],"curies":[{"name":"wp","href":"https:\/\/api.w.org\/{rel}","templated":true}]}}