{"id":26575,"date":"2022-04-29T11:57:59","date_gmt":"2022-04-29T16:57:59","guid":{"rendered":"https:\/\/encuentroinformativo.com.mx\/?p=26575"},"modified":"2022-04-29T11:58:03","modified_gmt":"2022-04-29T16:58:03","slug":"veracruzanos-nacidos-en-eu-podrian-tener-doble-nacionalidad","status":"publish","type":"post","link":"https:\/\/encuentroinformativo.com.mx\/?p=26575","title":{"rendered":"Veracruzanos nacidos en EU podr\u00edan tener doble nacionalidad"},"content":{"rendered":"\n<p><strong>Alejandro \u00c1vila<\/strong><\/p>\n\n\n\n<p>Veracruz, Ver.- Desde el pasado 26 de abril y hasta el 16 de mayo, se realizar\u00e1 por parte de la direcci\u00f3n de Atenci\u00f3n a Migrantes del Estado de Veracruz, la Feria del Pasaporte, con lo que se busca qu\u00e9 los ni\u00f1os y adolescentes veracruzanos nacidos en Estados Unidos puedan obtener su doble nacionalidad.<\/p>\n\n\n\n<p>Carlos Enrique Escalante Igual, titular del \u00e1rea, mencion\u00f3 en entrevista que, son cerca de 5 mil ni\u00f1os y j\u00f3venes los que, seg\u00fan sus registros, podr\u00edan obtener este beneficio; sin embargo, no a todos los tienen identificados.<\/p>\n\n\n\n<p>&#8220;La Feria del Pasaporte consiste en encontrar a los ni\u00f1os nacidos en Estados Unidos y que est\u00e9n en el Estado de Veracruz, y poderles ayudar a tramitar su pasaporte norteamericano, para as\u00ed poder ellos tener una certeza jur\u00eddica de identidad. Hay muchos beneficios que ellos pueden obtener al tener tu pasaporte americano, como por ejemplo, viajar libremente a Estados Unidos, poder estudiar all\u00e1, obtener alguna beca o trabajar en los Estados Unidos&#8221;, apunt\u00f3.<\/p>\n\n\n\n<p>Escalante Igual mencion\u00f3 que, este trabajo se har\u00e1 en coordinaci\u00f3n con la Embajada de los Estados Unidos, y ser\u00e1 el pr\u00f3ximo 24 de mayo cu\u00e1ndo lleven a la Ciudad de M\u00e9xico las solicitudes, para que puedan ser agilizados los tr\u00e1mites, y los posibles beneficiarios obtengan la doble nacionalidad.<\/p>\n\n\n\n<p>Para cualquier duda o aclaraci\u00f3n podr\u00e1n acudir al segundo piso del Palacio Federal en la ciudad de Xalapa, el cual se ubica en la calle Zamora esquina Diego Le\u00f1o, en horario de 9&nbsp; a 16 horas.<\/p>\n","protected":false},"excerpt":{"rendered":"<p>Alejandro \u00c1vila Veracruz, Ver.- Desde el pasado 26 de abril y hasta el 16 de mayo, se realizar\u00e1 por parte de la direcci\u00f3n de Atenci\u00f3n a Migrantes del Estado de Veracruz, la Feria del Pasaporte, con lo que se busca qu\u00e9 los ni\u00f1os y adolescentes veracruzanos nacidos en Estados Unidos puedan obtener su doble nacionalidad. [&hellip;]<\/p>\n","protected":false},"author":1,"featured_media":26576,"comment_status":"open","ping_status":"open","sticky":false,"template":"","format":"standard","meta":{"_jetpack_memberships_contains_paid_content":false,"footnotes":""},"categories":[2],"tags":[],"class_list":["post-26575","post","type-post","status-publish","format-standard","has-post-thumbnail","hentry","category-estado"],"jetpack_featured_media_url":"https:\/\/encuentroinformativo.com.mx\/wp-content\/uploads\/2022\/04\/F658F9B4-1C98-4FC3-861C-40063A6E9E31.jpeg","jetpack_sharing_enabled":true,"jetpack_likes_enabled":true,"amp_enabled":true,"_links":{"self":[{"href":"https:\/\/encuentroinformativo.com.mx\/index.php?rest_route=\/wp\/v2\/posts\/26575","targetHints":{"allow":["GET"]}}],"collection":[{"href":"https:\/\/encuentroinformativo.com.mx\/index.php?rest_route=\/wp\/v2\/posts"}],"about":[{"href":"https:\/\/encuentroinformativo.com.mx\/index.php?rest_route=\/wp\/v2\/types\/post"}],"author":[{"embeddable":true,"href":"https:\/\/encuentroinformativo.com.mx\/index.php?rest_route=\/wp\/v2\/users\/1"}],"replies":[{"embeddable":true,"href":"https:\/\/encuentroinformativo.com.mx\/index.php?rest_route=%2Fwp%2Fv2%2Fcomments&post=26575"}],"version-history":[{"count":1,"href":"https:\/\/encuentroinformativo.com.mx\/index.php?rest_route=\/wp\/v2\/posts\/26575\/revisions"}],"predecessor-version":[{"id":26577,"href":"https:\/\/encuentroinformativo.com.mx\/index.php?rest_route=\/wp\/v2\/posts\/26575\/revisions\/26577"}],"wp:featuredmedia":[{"embeddable":true,"href":"https:\/\/encuentroinformativo.com.mx\/index.php?rest_route=\/wp\/v2\/media\/26576"}],"wp:attachment":[{"href":"https:\/\/encuentroinformativo.com.mx\/index.php?rest_route=%2Fwp%2Fv2%2Fmedia&parent=26575"}],"wp:term":[{"taxonomy":"category","embeddable":true,"href":"https:\/\/encuentroinformativo.com.mx\/index.php?rest_route=%2Fwp%2Fv2%2Fcategories&post=26575"},{"taxonomy":"post_tag","embeddable":true,"href":"https:\/\/encuentroinformativo.com.mx\/index.php?rest_route=%2Fwp%2Fv2%2Ftags&post=26575"}],"curies":[{"name":"wp","href":"https:\/\/api.w.org\/{rel}","templated":true}]}}