{"id":26592,"date":"2022-04-29T14:25:45","date_gmt":"2022-04-29T19:25:45","guid":{"rendered":"https:\/\/encuentroinformativo.com.mx\/?p=26592"},"modified":"2022-04-29T14:25:49","modified_gmt":"2022-04-29T19:25:49","slug":"suspende-inah-construccion-en-veracruz-puerto-por-vestigios-arqueologicos","status":"publish","type":"post","link":"https:\/\/encuentroinformativo.com.mx\/?p=26592","title":{"rendered":"Suspende INAH construcci\u00f3n en Veracruz puerto por vestigios arqueol\u00f3gicos"},"content":{"rendered":"\n<p><strong>Alejandro \u00c1vila<\/strong><\/p>\n\n\n\n<p>Veracruz, Ver.- El Instituto Nacional de Antropolog\u00eda e Historia (INAH) con sede en Veracruz, suspender\u00e1 aproximadamente 15 d\u00edas una construcci\u00f3n que se realizaba en el fraccionamiento Lomas de R\u00edo Medio 4 -al norte de la ciudad-, pues en ella se encontraron vestigios arqueol\u00f3gicos.<\/p>\n\n\n\n<p>El arque\u00f3logo Luis Heredia Barrera, investigador del INAH Veracruz, detall\u00f3 que los restos observados son piezas del &#8220;Dios Narigudo&#8221;, mismas que pertenecen a los entierros; el arque\u00f3logo aclar\u00f3 que, en tiempos prehisp\u00e1nicos no exist\u00eda el concepto de cementerio, esa figura fue conocida y adaptada de los conquistadores espa\u00f1oles.<\/p>\n\n\n\n<p>&#8220;Es del per\u00edodo cl\u00e1sico tard\u00edo, m\u00e1s o menos entre 650 a 950, estamos hablando de 1450-1500 a\u00f1os de antig\u00fcedad, y la cultura, aqu\u00ed se conoce como la cultura del centro de Veracruz (\u2026) las piezas se rescatan, aqu\u00ed ahorita lo que se va a plantear con la compa\u00f1\u00eda y el representante legal, es realizar un rescate arqueol\u00f3gico, todos los gastos van a correr por parte de la compa\u00f1\u00eda, del particular, y creo yo que con todo esto que se ha estado haciendo y que toda la comunidad de Lomas de R\u00edo Medio 4, a ocasionado todav\u00eda m\u00e1s afectaci\u00f3n de la que ya ocasion\u00f3 la compa\u00f1\u00eda&#8221;, subray\u00f3.<\/p>\n\n\n\n<p>El funcionario federal dijo que, el pr\u00f3ximo lunes -2 de mayo- iniciar\u00e1n con los trabajos de rescate de los vestigios arqueol\u00f3gicos, y probablemente, en un m\u00e1ximo de 15 d\u00edas, quede liberado el sitio para que pueda continuar la construcci\u00f3n; de la misma manera, mencion\u00f3 que, buscar\u00e1n otros restos en los lugares d\u00f3nde fue depositada la tierra que ya hab\u00eda sido excavada.<\/p>\n\n\n\n<p>Luis Heredia Barrera puntualiz\u00f3 que, los vestigios arqueol\u00f3gicos encontrados, ser\u00e1n llevados a San Juan de Ul\u00faa para su sanaci\u00f3n y restauraci\u00f3n, y posteriormente podr\u00edan ser parte alguna exposici\u00f3n.<\/p>\n","protected":false},"excerpt":{"rendered":"<p>Alejandro \u00c1vila Veracruz, Ver.- El Instituto Nacional de Antropolog\u00eda e Historia (INAH) con sede en Veracruz, suspender\u00e1 aproximadamente 15 d\u00edas una construcci\u00f3n que se realizaba en el fraccionamiento Lomas de R\u00edo Medio 4 -al norte de la ciudad-, pues en ella se encontraron vestigios arqueol\u00f3gicos. El arque\u00f3logo Luis Heredia Barrera, investigador del INAH Veracruz, detall\u00f3 [&hellip;]<\/p>\n","protected":false},"author":1,"featured_media":26593,"comment_status":"open","ping_status":"open","sticky":false,"template":"","format":"standard","meta":{"_jetpack_memberships_contains_paid_content":false,"footnotes":""},"categories":[2],"tags":[],"class_list":["post-26592","post","type-post","status-publish","format-standard","has-post-thumbnail","hentry","category-estado"],"jetpack_featured_media_url":"https:\/\/encuentroinformativo.com.mx\/wp-content\/uploads\/2022\/04\/E6F60F8D-CF08-4D34-A72F-61EC7131C400.jpeg","jetpack_sharing_enabled":true,"jetpack_likes_enabled":true,"amp_enabled":true,"_links":{"self":[{"href":"https:\/\/encuentroinformativo.com.mx\/index.php?rest_route=\/wp\/v2\/posts\/26592","targetHints":{"allow":["GET"]}}],"collection":[{"href":"https:\/\/encuentroinformativo.com.mx\/index.php?rest_route=\/wp\/v2\/posts"}],"about":[{"href":"https:\/\/encuentroinformativo.com.mx\/index.php?rest_route=\/wp\/v2\/types\/post"}],"author":[{"embeddable":true,"href":"https:\/\/encuentroinformativo.com.mx\/index.php?rest_route=\/wp\/v2\/users\/1"}],"replies":[{"embeddable":true,"href":"https:\/\/encuentroinformativo.com.mx\/index.php?rest_route=%2Fwp%2Fv2%2Fcomments&post=26592"}],"version-history":[{"count":1,"href":"https:\/\/encuentroinformativo.com.mx\/index.php?rest_route=\/wp\/v2\/posts\/26592\/revisions"}],"predecessor-version":[{"id":26594,"href":"https:\/\/encuentroinformativo.com.mx\/index.php?rest_route=\/wp\/v2\/posts\/26592\/revisions\/26594"}],"wp:featuredmedia":[{"embeddable":true,"href":"https:\/\/encuentroinformativo.com.mx\/index.php?rest_route=\/wp\/v2\/media\/26593"}],"wp:attachment":[{"href":"https:\/\/encuentroinformativo.com.mx\/index.php?rest_route=%2Fwp%2Fv2%2Fmedia&parent=26592"}],"wp:term":[{"taxonomy":"category","embeddable":true,"href":"https:\/\/encuentroinformativo.com.mx\/index.php?rest_route=%2Fwp%2Fv2%2Fcategories&post=26592"},{"taxonomy":"post_tag","embeddable":true,"href":"https:\/\/encuentroinformativo.com.mx\/index.php?rest_route=%2Fwp%2Fv2%2Ftags&post=26592"}],"curies":[{"name":"wp","href":"https:\/\/api.w.org\/{rel}","templated":true}]}}