{"id":26595,"date":"2022-04-29T16:35:08","date_gmt":"2022-04-29T21:35:08","guid":{"rendered":"https:\/\/encuentroinformativo.com.mx\/?p=26595"},"modified":"2022-04-29T16:35:12","modified_gmt":"2022-04-29T21:35:12","slug":"incentiva-comision-interes-de-jovenes-veracruzanos-en-ciencia-y-tecnologia","status":"publish","type":"post","link":"https:\/\/encuentroinformativo.com.mx\/?p=26595","title":{"rendered":"Incentiva Comisi\u00f3n inter\u00e9s de j\u00f3venes veracruzanos en ciencia y tecnolog\u00eda"},"content":{"rendered":"\n<p><strong>*Clausuran primer Foro Veracruzano de Ciencia y Tecnolog\u00eda celebrado en el Palacio Legislativo.<\/strong><\/p>\n\n\n\n<p>Xalapa, Ver.- Concienciar a los j\u00f3venes sobre la importancia de la ciencia y la tecnolog\u00eda en la vida cotidiana y despertar su inter\u00e9s vocacional en el \u00e1rea fueron objetivos alcanzados con la realizaci\u00f3n del Primer Foro Veracruzano de Ciencia y Tecnolog\u00eda, afirm\u00f3 la presidenta de la Comisi\u00f3n Permanente de Ciencia y Tecnolog\u00eda, diputada Ver\u00f3nica Pulido Herrera, al clausurar este encuentro en el Palacio Legislativo.<\/p>\n\n\n\n<p>La representante popular indic\u00f3 que este conjunto de actividades fue una valiosa oportunidad para que estudiantes del nivel medio-superior conocieran las investigaciones y trabajos que realizan la Universidad Veracruzana (UV) y los Institutos Tecnol\u00f3gicos Superiores de Xalapa, Naranjos y Misantla.<\/p>\n\n\n\n<p>La legisladora destac\u00f3 que este Poder Legislativo, a trav\u00e9s de la comisi\u00f3n que ella preside, mantiene como prioridad el impulso a estudiantes e investigadores locales, a trav\u00e9s de la vinculaci\u00f3n con diferentes entidades gubernamentales y cuyos resultados puedan ser empleados en favor de las y los veracruzanos.<\/p>\n\n\n\n<p>Asimismo, se pronunci\u00f3 a favor de la continuidad de este tipo de actividades, con la coordinaci\u00f3n y respaldo de la Comisi\u00f3n Permanente de Ciencia y Tecnolog\u00eda, toda vez que consider\u00f3 necesario difundir los trabajos de investigaci\u00f3n que se llevan a cabo en Veracruz y en apoyo al talento de las y los j\u00f3venes.<\/p>\n\n\n\n<p>Destac\u00f3 el compromiso de los representantes populares de esta LXVI Legislatura a coadyuvar con la Secretar\u00eda de Educaci\u00f3n de Veracruz (SEV) y con el Consejo Veracruzano de Investigaci\u00f3n Cient\u00edfica y Desarrollo Tecnol\u00f3gico (Coveicydet) para que en el presupuesto del ejercicio 2023 otorguen los recursos necesarios a dichos organismos.<\/p>\n\n\n\n<p>\u201cLos integrantes de la Comisi\u00f3n estamos muy agradecidos con las autoridades por todo el apoyo para la realizaci\u00f3n de este evento. Estamos convencidos de que debe continuarse fomentando entre la ni\u00f1ez, j\u00f3venes y adultos el que puede hacerse investigaci\u00f3n. La ciencia y la tecnolog\u00eda est\u00e1n al alcance de todos\u201d, finaliz\u00f3.<\/p>\n\n\n\n<p>La segunda y \u00faltima jornada de este viernes 29 consisti\u00f3 en la presentaci\u00f3n de las ponencias Agricultura mexicana en la industria 4.0, a cargo de Lizbeth Casta\u00f1eda Escobar; En serio \u00bfPara qu\u00e9 sirven las matem\u00e1ticas?, por Pedro Arguijo; La econom\u00eda circular, una estrategia para el desarrollo de la comunidad, con Claudia Patricia Fern\u00e1ndez de Lara Arcos; La importancia del aprovechamiento del recurso solar en Veracruz, correspondi\u00f3 a Daniel Fern\u00e1ndez Pital\u00faa, y Biotecnolog\u00eda ambiental y sustentabilidad, en voz de Eugenia Olgu\u00edn Palacios.<\/p>\n\n\n\n<p>Adem\u00e1s, los participantes llevaron a cabo el taller Haz tu propio jab\u00f3n, impartido por Nelly S\u00e1nchez G\u00f3mez, y fueron presentaron diversos prototipos de robot.<\/p>\n\n\n\n<figure class=\"wp-block-image size-large\"><img loading=\"lazy\" decoding=\"async\" width=\"1024\" height=\"684\" src=\"https:\/\/encuentroinformativo.com.mx\/wp-content\/uploads\/2022\/04\/BD9083C3-AAE5-47FB-AEC9-980F8A334CDA.jpeg\" alt=\"\" class=\"wp-image-26597\" srcset=\"https:\/\/encuentroinformativo.com.mx\/wp-content\/uploads\/2022\/04\/BD9083C3-AAE5-47FB-AEC9-980F8A334CDA.jpeg 1024w, https:\/\/encuentroinformativo.com.mx\/wp-content\/uploads\/2022\/04\/BD9083C3-AAE5-47FB-AEC9-980F8A334CDA-300x200.jpeg 300w, https:\/\/encuentroinformativo.com.mx\/wp-content\/uploads\/2022\/04\/BD9083C3-AAE5-47FB-AEC9-980F8A334CDA-768x513.jpeg 768w\" sizes=\"auto, (max-width: 1024px) 100vw, 1024px\" \/><\/figure>\n\n\n\n<p><\/p>\n\n\n\n<figure class=\"wp-block-jetpack-image-compare\"><div class=\"juxtapose\" data-mode=\"horizontal\"><img class=\"image-compare__image-before\"\/><img class=\"image-compare__image-after\"\/><\/div><\/figure>\n","protected":false},"excerpt":{"rendered":"<p>*Clausuran primer Foro Veracruzano de Ciencia y Tecnolog\u00eda celebrado en el Palacio Legislativo. Xalapa, Ver.- Concienciar a los j\u00f3venes sobre la importancia de la ciencia y la tecnolog\u00eda en la vida cotidiana y despertar su inter\u00e9s vocacional en el \u00e1rea fueron objetivos alcanzados con la realizaci\u00f3n del Primer Foro Veracruzano de Ciencia y Tecnolog\u00eda, afirm\u00f3 [&hellip;]<\/p>\n","protected":false},"author":1,"featured_media":26596,"comment_status":"open","ping_status":"open","sticky":false,"template":"","format":"standard","meta":{"_jetpack_memberships_contains_paid_content":false,"footnotes":""},"categories":[2],"tags":[],"class_list":["post-26595","post","type-post","status-publish","format-standard","has-post-thumbnail","hentry","category-estado"],"jetpack_featured_media_url":"https:\/\/encuentroinformativo.com.mx\/wp-content\/uploads\/2022\/04\/D5AA2C14-E613-49A9-BB82-BBC71E384A97.jpeg","jetpack_sharing_enabled":true,"jetpack_likes_enabled":true,"amp_enabled":true,"_links":{"self":[{"href":"https:\/\/encuentroinformativo.com.mx\/index.php?rest_route=\/wp\/v2\/posts\/26595","targetHints":{"allow":["GET"]}}],"collection":[{"href":"https:\/\/encuentroinformativo.com.mx\/index.php?rest_route=\/wp\/v2\/posts"}],"about":[{"href":"https:\/\/encuentroinformativo.com.mx\/index.php?rest_route=\/wp\/v2\/types\/post"}],"author":[{"embeddable":true,"href":"https:\/\/encuentroinformativo.com.mx\/index.php?rest_route=\/wp\/v2\/users\/1"}],"replies":[{"embeddable":true,"href":"https:\/\/encuentroinformativo.com.mx\/index.php?rest_route=%2Fwp%2Fv2%2Fcomments&post=26595"}],"version-history":[{"count":1,"href":"https:\/\/encuentroinformativo.com.mx\/index.php?rest_route=\/wp\/v2\/posts\/26595\/revisions"}],"predecessor-version":[{"id":26598,"href":"https:\/\/encuentroinformativo.com.mx\/index.php?rest_route=\/wp\/v2\/posts\/26595\/revisions\/26598"}],"wp:featuredmedia":[{"embeddable":true,"href":"https:\/\/encuentroinformativo.com.mx\/index.php?rest_route=\/wp\/v2\/media\/26596"}],"wp:attachment":[{"href":"https:\/\/encuentroinformativo.com.mx\/index.php?rest_route=%2Fwp%2Fv2%2Fmedia&parent=26595"}],"wp:term":[{"taxonomy":"category","embeddable":true,"href":"https:\/\/encuentroinformativo.com.mx\/index.php?rest_route=%2Fwp%2Fv2%2Fcategories&post=26595"},{"taxonomy":"post_tag","embeddable":true,"href":"https:\/\/encuentroinformativo.com.mx\/index.php?rest_route=%2Fwp%2Fv2%2Ftags&post=26595"}],"curies":[{"name":"wp","href":"https:\/\/api.w.org\/{rel}","templated":true}]}}