{"id":266,"date":"2020-03-02T14:09:05","date_gmt":"2020-03-02T20:09:05","guid":{"rendered":"https:\/\/encuentroinformativodotcomdotmx.wordpress.com\/2020\/03\/02\/policias-comunitarias-reflejo-de-inseguridad-marlon-ramirez\/"},"modified":"2020-03-02T14:09:05","modified_gmt":"2020-03-02T20:09:05","slug":"policias-comunitarias-reflejo-de-inseguridad-marlon-ramirez","status":"publish","type":"post","link":"https:\/\/encuentroinformativo.com.mx\/?p=266","title":{"rendered":"Polic\u00edas comunitarias, reflejo de inseguridad: Marlon Ram\u00edrez"},"content":{"rendered":"\n<figure class=\"wp-block-image size-large\"><img loading=\"lazy\" decoding=\"async\" width=\"939\" height=\"645\" src=\"https:\/\/encuentroinformativo.com.mx\/wp-content\/uploads\/2020\/03\/ezy-watermark_02-03-2020_02-06-51p.m..jpg?w=939\" alt=\"\" class=\"wp-image-265\" srcset=\"https:\/\/encuentroinformativo.com.mx\/wp-content\/uploads\/2020\/03\/ezy-watermark_02-03-2020_02-06-51p.m..jpg 939w, https:\/\/encuentroinformativo.com.mx\/wp-content\/uploads\/2020\/03\/ezy-watermark_02-03-2020_02-06-51p.m.-300x206.jpg 300w, https:\/\/encuentroinformativo.com.mx\/wp-content\/uploads\/2020\/03\/ezy-watermark_02-03-2020_02-06-51p.m.-768x528.jpg 768w\" sizes=\"auto, (max-width: 939px) 100vw, 939px\" \/><\/figure>\n\n\n\n<p><strong>Dar\u00edo Pale <\/strong><\/p>\n\n\n\n<p>Xalapa, Ver.- La presencia de polic\u00edas comunitarias en el estado es el reflejo de la falta de seguridad y la estrategia fallida en materia de prevenci\u00f3n, as\u00ed lo asegur\u00f3 el Presidente del Comit\u00e9 Directivo Estatal (CDE), del Partido Revolucionario Institucional (PRI), Marlon Ram\u00edrez Mar\u00edn.<\/p>\n\n\n\n<p>En conferencia de prensa realizada en conocido caf\u00e9 del centro de Xalapa se\u00f1al\u00f3 que en alg\u00fan momento \u201cle crey\u00f3\u201d al presidente Andr\u00e9s Manuel L\u00f3pez Obrador cuando dec\u00eda que la violencia era causada por la falta de recursos entre la poblaci\u00f3n, y critic\u00f3 que a pesar de ello en Veracruz se haya reportado un subejercicio de 3 mil 284 millones de pesos.<\/p>\n\n\n\n<p>\u201cYo le cre\u00ed en alg\u00fan momento al presidente Andr\u00e9s Manuel L\u00f3pez Obrador cuando dec\u00eda en campa\u00f1a que una de las causas de la violencia era la falta de recursos y dinero en muchas localidades de este pa\u00eds, pero el gobernador de este estado le quit\u00f3 3 mil 284 millones de pesos a Veracruz\u201d, se\u00f1al\u00f3.<\/p>\n\n\n\n<p>En otro orden de ideas lo que se refiere a las guardias comunitarias es debido a que este domingo en Las Choapas ganaderos y productores agr\u00edcolas se conformaran en una polic\u00eda comunitaria, ya que lo que ocurre en Veracruz es grave.<\/p>\n\n\n\n<p>\u201cNo hay una pol\u00edtica clara en materia de prevenci\u00f3n, no hay una eficaz coordinaci\u00f3n entre las \u00e1reas que deben llevar a cabo los procesos en el gobierno estatal y municipal\u201d, finaliz\u00f3.<\/p>\n\n\n\n<p><\/p>\n","protected":false},"excerpt":{"rendered":"<p>Dar\u00edo Pale Xalapa, Ver.- La presencia de polic\u00edas comunitarias en el estado es el reflejo de la falta de seguridad y la estrategia fallida en materia de prevenci\u00f3n, as\u00ed lo asegur\u00f3 el Presidente del Comit\u00e9 Directivo Estatal (CDE), del Partido Revolucionario Institucional (PRI), Marlon Ram\u00edrez Mar\u00edn. En conferencia de prensa realizada en conocido caf\u00e9 del [&hellip;]<\/p>\n","protected":false},"author":1,"featured_media":265,"comment_status":"open","ping_status":"open","sticky":false,"template":"","format":"standard","meta":{"_jetpack_memberships_contains_paid_content":false,"footnotes":""},"categories":[2],"tags":[],"class_list":["post-266","post","type-post","status-publish","format-standard","has-post-thumbnail","hentry","category-estado"],"jetpack_featured_media_url":"https:\/\/encuentroinformativo.com.mx\/wp-content\/uploads\/2020\/03\/ezy-watermark_02-03-2020_02-06-51p.m..jpg","jetpack_sharing_enabled":true,"jetpack_likes_enabled":true,"amp_enabled":true,"_links":{"self":[{"href":"https:\/\/encuentroinformativo.com.mx\/index.php?rest_route=\/wp\/v2\/posts\/266","targetHints":{"allow":["GET"]}}],"collection":[{"href":"https:\/\/encuentroinformativo.com.mx\/index.php?rest_route=\/wp\/v2\/posts"}],"about":[{"href":"https:\/\/encuentroinformativo.com.mx\/index.php?rest_route=\/wp\/v2\/types\/post"}],"author":[{"embeddable":true,"href":"https:\/\/encuentroinformativo.com.mx\/index.php?rest_route=\/wp\/v2\/users\/1"}],"replies":[{"embeddable":true,"href":"https:\/\/encuentroinformativo.com.mx\/index.php?rest_route=%2Fwp%2Fv2%2Fcomments&post=266"}],"version-history":[{"count":0,"href":"https:\/\/encuentroinformativo.com.mx\/index.php?rest_route=\/wp\/v2\/posts\/266\/revisions"}],"wp:featuredmedia":[{"embeddable":true,"href":"https:\/\/encuentroinformativo.com.mx\/index.php?rest_route=\/wp\/v2\/media\/265"}],"wp:attachment":[{"href":"https:\/\/encuentroinformativo.com.mx\/index.php?rest_route=%2Fwp%2Fv2%2Fmedia&parent=266"}],"wp:term":[{"taxonomy":"category","embeddable":true,"href":"https:\/\/encuentroinformativo.com.mx\/index.php?rest_route=%2Fwp%2Fv2%2Fcategories&post=266"},{"taxonomy":"post_tag","embeddable":true,"href":"https:\/\/encuentroinformativo.com.mx\/index.php?rest_route=%2Fwp%2Fv2%2Ftags&post=266"}],"curies":[{"name":"wp","href":"https:\/\/api.w.org\/{rel}","templated":true}]}}