{"id":26606,"date":"2022-04-29T19:29:07","date_gmt":"2022-04-30T00:29:07","guid":{"rendered":"https:\/\/encuentroinformativo.com.mx\/?p=26606"},"modified":"2022-04-29T19:29:10","modified_gmt":"2022-04-30T00:29:10","slug":"impulsa-dif-y-ayuntamiento-de-boca-del-rio-cafe-con-causa","status":"publish","type":"post","link":"https:\/\/encuentroinformativo.com.mx\/?p=26606","title":{"rendered":"Impulsa DIF y Ayuntamiento de Boca del R\u00edo \u201cCaf\u00e9 con Causa\u201d"},"content":{"rendered":"\n<p><strong>*Lo recaudado ser\u00e1 destinado a la compra de lentes para boque\u00f1itas y boque\u00f1itos<\/strong>.<\/p>\n\n\n\n<p>Boca del R\u00edo, Ver.- El presidente municipal de Boca del R\u00edo, Juan Manuel Un\u00e1nue Abascal dio el banderazo de inicio de la Campa\u00f1a de Salud Visual Infantil &#8220;Caf\u00e9 con Causa&#8221;, en compa\u00f1\u00eda de la presidenta del DIF municipal Melina Rivera de Un\u00e1nue con quien hizo ondear las banderas de arranque en el m\u00f3dulo ubicado en el boulevard Adolfo Ruiz Cortines.<\/p>\n\n\n\n<p>Ambas autoridades estuvieron acompa\u00f1ados por el capit\u00e1n \u00c1ngel Fern\u00e1ndez Ceballos, propietario del Gran Caf\u00e9 de la Parroquia quien junto con el DIF municipal colabor\u00f3 poniendo a disposici\u00f3n los productos de tan reconocido caf\u00e9 de la zona conurbada.<\/p>\n\n\n\n<p>\u201cCaf\u00e9 con Causa\u201d busca apoyar con lentes a los ni\u00f1os de las escuelas primarias p\u00fablicas de Boca del R\u00edo que los requieran para mejorar su calidad de vida y aprovechamiento escolar.<\/p>\n\n\n\n<p>\u201cAgradecemos de manera muy especial al Capit\u00e1n \u00c1ngel Fern\u00e1ndez y a la familia Fern\u00e1ndez, propietarios del Gran Caf\u00e9 de la Parroquia, pues esto permitir\u00e1 como lo dijimos en su anuncio, que much\u00edsimos ni\u00f1os de Boca del R\u00edo de escuelas p\u00fablicas primarias, gracias a la participaci\u00f3n de la gente y a la compra de caf\u00e9, canillas y otros productos de (el Gran Caf\u00e9) La Parroquia el d\u00eda de hoy y el d\u00eda de ma\u00f1ana, y as\u00ed se puedan adquirir lentes para los ni\u00f1os de escasos recursos que los necesitan\u201d, expres\u00f3 el alcalde.<\/p>\n\n\n\n<p>Por su parte la presidenta del DIF, Melina Rivera de Un\u00e1nue, recalc\u00f3 la importancia de que padres est\u00e9n al pendientes de sus hijos para detectar si \u00e9stos presentan problemas de visi\u00f3n que normalmente los ni\u00f1os no reportan ni a padres ni maestros.<\/p>\n\n\n\n<p>\u201cA veces vemos que los ni\u00f1os tienen dolor de cabeza o que no ponen atenci\u00f3n en sus clases, o vemos que se distraen constantemente, no sabemos a que se refiere todo eso, como el dolor de cabeza, entonces es por eso que decidimos realizar esta campa\u00f1a porque nos han llegado varios casos as\u00ed en el DIF en los cuatro meses que llevamos de administraci\u00f3n\u201d.<\/p>\n\n\n\n<p>El m\u00f3dulo estar\u00e1 disponible este 29 y 30 de abril de 9:00 a 19:00 horas para quien guste sumarse a esta noble causa.<\/p>\n\n\n\n<figure class=\"wp-block-image size-large\"><img loading=\"lazy\" decoding=\"async\" width=\"1024\" height=\"682\" src=\"https:\/\/encuentroinformativo.com.mx\/wp-content\/uploads\/2022\/04\/61B9D6BD-BCF9-4DFB-8D95-8FD1E50F1E4A-1024x682.jpeg\" alt=\"\" class=\"wp-image-26608\" srcset=\"https:\/\/encuentroinformativo.com.mx\/wp-content\/uploads\/2022\/04\/61B9D6BD-BCF9-4DFB-8D95-8FD1E50F1E4A-1024x682.jpeg 1024w, https:\/\/encuentroinformativo.com.mx\/wp-content\/uploads\/2022\/04\/61B9D6BD-BCF9-4DFB-8D95-8FD1E50F1E4A-300x200.jpeg 300w, https:\/\/encuentroinformativo.com.mx\/wp-content\/uploads\/2022\/04\/61B9D6BD-BCF9-4DFB-8D95-8FD1E50F1E4A-768x512.jpeg 768w, https:\/\/encuentroinformativo.com.mx\/wp-content\/uploads\/2022\/04\/61B9D6BD-BCF9-4DFB-8D95-8FD1E50F1E4A.jpeg 1280w\" sizes=\"auto, (max-width: 1024px) 100vw, 1024px\" \/><\/figure>\n","protected":false},"excerpt":{"rendered":"<p>*Lo recaudado ser\u00e1 destinado a la compra de lentes para boque\u00f1itas y boque\u00f1itos. Boca del R\u00edo, Ver.- El presidente municipal de Boca del R\u00edo, Juan Manuel Un\u00e1nue Abascal dio el banderazo de inicio de la Campa\u00f1a de Salud Visual Infantil &#8220;Caf\u00e9 con Causa&#8221;, en compa\u00f1\u00eda de la presidenta del DIF municipal Melina Rivera de Un\u00e1nue [&hellip;]<\/p>\n","protected":false},"author":1,"featured_media":26607,"comment_status":"open","ping_status":"open","sticky":false,"template":"","format":"standard","meta":{"_jetpack_memberships_contains_paid_content":false,"footnotes":""},"categories":[2],"tags":[],"class_list":["post-26606","post","type-post","status-publish","format-standard","has-post-thumbnail","hentry","category-estado"],"jetpack_featured_media_url":"https:\/\/encuentroinformativo.com.mx\/wp-content\/uploads\/2022\/04\/A40472D4-6635-45B7-8CC6-5695BB4D918F.jpeg","jetpack_sharing_enabled":true,"jetpack_likes_enabled":true,"amp_enabled":true,"_links":{"self":[{"href":"https:\/\/encuentroinformativo.com.mx\/index.php?rest_route=\/wp\/v2\/posts\/26606","targetHints":{"allow":["GET"]}}],"collection":[{"href":"https:\/\/encuentroinformativo.com.mx\/index.php?rest_route=\/wp\/v2\/posts"}],"about":[{"href":"https:\/\/encuentroinformativo.com.mx\/index.php?rest_route=\/wp\/v2\/types\/post"}],"author":[{"embeddable":true,"href":"https:\/\/encuentroinformativo.com.mx\/index.php?rest_route=\/wp\/v2\/users\/1"}],"replies":[{"embeddable":true,"href":"https:\/\/encuentroinformativo.com.mx\/index.php?rest_route=%2Fwp%2Fv2%2Fcomments&post=26606"}],"version-history":[{"count":1,"href":"https:\/\/encuentroinformativo.com.mx\/index.php?rest_route=\/wp\/v2\/posts\/26606\/revisions"}],"predecessor-version":[{"id":26609,"href":"https:\/\/encuentroinformativo.com.mx\/index.php?rest_route=\/wp\/v2\/posts\/26606\/revisions\/26609"}],"wp:featuredmedia":[{"embeddable":true,"href":"https:\/\/encuentroinformativo.com.mx\/index.php?rest_route=\/wp\/v2\/media\/26607"}],"wp:attachment":[{"href":"https:\/\/encuentroinformativo.com.mx\/index.php?rest_route=%2Fwp%2Fv2%2Fmedia&parent=26606"}],"wp:term":[{"taxonomy":"category","embeddable":true,"href":"https:\/\/encuentroinformativo.com.mx\/index.php?rest_route=%2Fwp%2Fv2%2Fcategories&post=26606"},{"taxonomy":"post_tag","embeddable":true,"href":"https:\/\/encuentroinformativo.com.mx\/index.php?rest_route=%2Fwp%2Fv2%2Ftags&post=26606"}],"curies":[{"name":"wp","href":"https:\/\/api.w.org\/{rel}","templated":true}]}}