{"id":26610,"date":"2022-04-30T11:43:13","date_gmt":"2022-04-30T16:43:13","guid":{"rendered":"https:\/\/encuentroinformativo.com.mx\/?p=26610"},"modified":"2022-04-30T11:43:16","modified_gmt":"2022-04-30T16:43:16","slug":"promueve-ayuntamiento-venta-de-piezas-elaboradas-en-el-taller-de-arte-popular","status":"publish","type":"post","link":"https:\/\/encuentroinformativo.com.mx\/?p=26610","title":{"rendered":"Promueve Ayuntamiento venta de piezas elaboradas en el Taller de Arte Popular"},"content":{"rendered":"\n<p>Xalapa, Ver.- Para apoyar a los maestros artesanos del Taller de Arte Popular (TAP) y difundir la calidad del trabajo que en el municipio se realiza, en el marco del 11\u00b0 Festival ESAV, se mont\u00f3 una exposici\u00f3n especial de piezas de cartoner\u00eda, talla de madera, alfarer\u00eda y orfebrer\u00eda, en el Centro Recreativo Xalape\u00f1o (CRX).<\/p>\n\n\n\n<p>La directora de Cultura, Karla Montano Rocher manifest\u00f3 que desde hace m\u00e1s de nueve a\u00f1os, el TAP lleg\u00f3 a la colonia Higueras para cambiar la vida de j\u00f3venes y adultos que asistieron a los talleres y hoy cuentan con un oficio para mejorar su econom\u00eda.<\/p>\n\n\n\n<p>En ese sentido, detall\u00f3 que a la par de la exposici\u00f3n \u201cMujer de encaje, de seda y sol\u2026\u201d, con piezas textiles que forman parte de la colecci\u00f3n del core\u00f3grafo Ren\u00e9 Ram\u00edrez Ord\u00f3\u00f1ez, se mont\u00f3 un conjunto de piezas elaboradas en el TAP, mismas que se encuentran a la venta acompa\u00f1adas de un c\u00f3digo QR que se puede escanear para saber m\u00e1s tanto del autor, como de la pieza y su costo.<\/p>\n\n\n\n<p>Todo esto, como una manera de difundir la actividad art\u00edstica en el municipio y ofrecer productos de calidad a buen precio para las personas que radican o visitan la capital veracruzana.<\/p>\n","protected":false},"excerpt":{"rendered":"<p>Xalapa, Ver.- Para apoyar a los maestros artesanos del Taller de Arte Popular (TAP) y difundir la calidad del trabajo que en el municipio se realiza, en el marco del 11\u00b0 Festival ESAV, se mont\u00f3 una exposici\u00f3n especial de piezas de cartoner\u00eda, talla de madera, alfarer\u00eda y orfebrer\u00eda, en el Centro Recreativo Xalape\u00f1o (CRX). La [&hellip;]<\/p>\n","protected":false},"author":1,"featured_media":26611,"comment_status":"open","ping_status":"open","sticky":false,"template":"","format":"standard","meta":{"_jetpack_memberships_contains_paid_content":false,"footnotes":""},"categories":[3],"tags":[],"class_list":["post-26610","post","type-post","status-publish","format-standard","has-post-thumbnail","hentry","category-xalapa"],"jetpack_featured_media_url":"https:\/\/encuentroinformativo.com.mx\/wp-content\/uploads\/2022\/04\/56BE78A9-B445-40D7-A126-43FEB2FD825D.jpeg","jetpack_sharing_enabled":true,"jetpack_likes_enabled":true,"amp_enabled":true,"_links":{"self":[{"href":"https:\/\/encuentroinformativo.com.mx\/index.php?rest_route=\/wp\/v2\/posts\/26610","targetHints":{"allow":["GET"]}}],"collection":[{"href":"https:\/\/encuentroinformativo.com.mx\/index.php?rest_route=\/wp\/v2\/posts"}],"about":[{"href":"https:\/\/encuentroinformativo.com.mx\/index.php?rest_route=\/wp\/v2\/types\/post"}],"author":[{"embeddable":true,"href":"https:\/\/encuentroinformativo.com.mx\/index.php?rest_route=\/wp\/v2\/users\/1"}],"replies":[{"embeddable":true,"href":"https:\/\/encuentroinformativo.com.mx\/index.php?rest_route=%2Fwp%2Fv2%2Fcomments&post=26610"}],"version-history":[{"count":1,"href":"https:\/\/encuentroinformativo.com.mx\/index.php?rest_route=\/wp\/v2\/posts\/26610\/revisions"}],"predecessor-version":[{"id":26612,"href":"https:\/\/encuentroinformativo.com.mx\/index.php?rest_route=\/wp\/v2\/posts\/26610\/revisions\/26612"}],"wp:featuredmedia":[{"embeddable":true,"href":"https:\/\/encuentroinformativo.com.mx\/index.php?rest_route=\/wp\/v2\/media\/26611"}],"wp:attachment":[{"href":"https:\/\/encuentroinformativo.com.mx\/index.php?rest_route=%2Fwp%2Fv2%2Fmedia&parent=26610"}],"wp:term":[{"taxonomy":"category","embeddable":true,"href":"https:\/\/encuentroinformativo.com.mx\/index.php?rest_route=%2Fwp%2Fv2%2Fcategories&post=26610"},{"taxonomy":"post_tag","embeddable":true,"href":"https:\/\/encuentroinformativo.com.mx\/index.php?rest_route=%2Fwp%2Fv2%2Ftags&post=26610"}],"curies":[{"name":"wp","href":"https:\/\/api.w.org\/{rel}","templated":true}]}}