{"id":26633,"date":"2022-05-01T13:39:41","date_gmt":"2022-05-01T18:39:41","guid":{"rendered":"https:\/\/encuentroinformativo.com.mx\/?p=26633"},"modified":"2022-05-01T13:39:44","modified_gmt":"2022-05-01T18:39:44","slug":"participan-mas-de-30-mil-en-desfile-por-dia-del-trabajo","status":"publish","type":"post","link":"https:\/\/encuentroinformativo.com.mx\/?p=26633","title":{"rendered":"Participan m\u00e1s de 30 mil en desfile por D\u00eda del Trabajo"},"content":{"rendered":"\n<p><strong>Juan Arcos <\/strong><\/p>\n\n\n\n<p>Xalapa, Ver.- Un total de 32 mil trabajadores participaron en el Desfile Conmemorativo del 1 de Mayo, donde algunas organizaciones sindicales exigieron mejores condiciones laborales.<\/p>\n\n\n\n<p>El evento inici\u00f3 a las 9:00 horas en el Centro Hist\u00f3rico de esta ciudad de Xalapa, con una duraci\u00f3n estimada de 4 horas con 40 minutos.<\/p>\n\n\n\n<p>El Desfile por el D\u00eda Internacional del Trabajo fue encabeza por el gobernador Cuitl\u00e1huac Garc\u00eda Jim\u00e9nez, quien estuvo acompa\u00f1ado del secretario de Gobierno, Eric Cisneros Burgos; la fiscal general del Estado, Ver\u00f3nica Hern\u00e1ndez Giad\u00e1ns; el secretario de Seguridad P\u00fablica, Hugo Guti\u00e9rrez Maldonado; y otros miembros del gabinete estatal.<\/p>\n\n\n\n<p>Los contingentes m\u00e1s n\u00fameros fueron de la Confederaci\u00f3n Revolucionaria de Obreros y Campesinos (CROC), con siete mil participantes; y las Federaciones Aut\u00f3noma de Obreros y Campesinos del Estado de Veracruz (FAOCV), con ocho mil 500.<\/p>\n\n\n\n<p>Tambi\u00e9n participaron cinco mil agremiados de la Secci\u00f3n 32 del Sindicato Nacional de Trabajadores de la Educaci\u00f3n (SNTE) y otros cinco mil de la Secci\u00f3n 56 del SNTE.<\/p>\n\n\n\n<p>Se trata de un total de 14 contingentes que se sumaron al desfile conmemorativo en el Centro Hist\u00f3rico de la capital veracruzana.<\/p>\n\n\n\n<p>Elementos de la Secretar\u00eda de Seguridad P\u00fablica (SSP) y de la Direcci\u00f3n General de Tr\u00e1nsito y Seguridad Vial (DGTSV) desplegaron un operativo y cerraron las calles del primer cuadro de la ciudad.<\/p>\n\n\n\n<p>Se observaron barricadas y elementos de Tr\u00e1nsito sobre las calles Xalape\u00f1os Ilustres, Zamora, Ignacio Allende, Francisco Javier Clavijero, la avenida Manuel \u00c1vila Camacho y otras.<\/p>\n\n\n\n<p>Algunos profesores de educaci\u00f3n b\u00e1sica y de distintas organizaciones sindicales protestaron y reclamaron pagos del incentivo promoci\u00f3n horizontal.<\/p>\n\n\n\n<figure class=\"wp-block-image size-large\"><img loading=\"lazy\" decoding=\"async\" width=\"1024\" height=\"683\" src=\"https:\/\/encuentroinformativo.com.mx\/wp-content\/uploads\/2022\/05\/9B37DC8A-9CB0-46F3-8A59-CEB43033438B.jpeg\" alt=\"\" class=\"wp-image-26635\" srcset=\"https:\/\/encuentroinformativo.com.mx\/wp-content\/uploads\/2022\/05\/9B37DC8A-9CB0-46F3-8A59-CEB43033438B.jpeg 1024w, https:\/\/encuentroinformativo.com.mx\/wp-content\/uploads\/2022\/05\/9B37DC8A-9CB0-46F3-8A59-CEB43033438B-300x200.jpeg 300w, https:\/\/encuentroinformativo.com.mx\/wp-content\/uploads\/2022\/05\/9B37DC8A-9CB0-46F3-8A59-CEB43033438B-768x512.jpeg 768w\" sizes=\"auto, (max-width: 1024px) 100vw, 1024px\" \/><\/figure>\n\n\n\n<figure class=\"wp-block-image size-large\"><img loading=\"lazy\" decoding=\"async\" width=\"1024\" height=\"683\" src=\"https:\/\/encuentroinformativo.com.mx\/wp-content\/uploads\/2022\/05\/19E6E242-DA26-4A80-BBF8-8D6A2C88B8AB-1024x683.jpeg\" alt=\"\" class=\"wp-image-26636\" srcset=\"https:\/\/encuentroinformativo.com.mx\/wp-content\/uploads\/2022\/05\/19E6E242-DA26-4A80-BBF8-8D6A2C88B8AB-1024x683.jpeg 1024w, https:\/\/encuentroinformativo.com.mx\/wp-content\/uploads\/2022\/05\/19E6E242-DA26-4A80-BBF8-8D6A2C88B8AB-300x200.jpeg 300w, https:\/\/encuentroinformativo.com.mx\/wp-content\/uploads\/2022\/05\/19E6E242-DA26-4A80-BBF8-8D6A2C88B8AB-768x512.jpeg 768w, https:\/\/encuentroinformativo.com.mx\/wp-content\/uploads\/2022\/05\/19E6E242-DA26-4A80-BBF8-8D6A2C88B8AB.jpeg 1280w\" sizes=\"auto, (max-width: 1024px) 100vw, 1024px\" \/><\/figure>\n\n\n\n<figure class=\"wp-block-image size-large\"><img loading=\"lazy\" decoding=\"async\" width=\"1024\" height=\"683\" src=\"https:\/\/encuentroinformativo.com.mx\/wp-content\/uploads\/2022\/05\/F543EB5A-AE72-4368-B70E-A63E97E46685-1024x683.jpeg\" alt=\"\" class=\"wp-image-26637\" srcset=\"https:\/\/encuentroinformativo.com.mx\/wp-content\/uploads\/2022\/05\/F543EB5A-AE72-4368-B70E-A63E97E46685-1024x683.jpeg 1024w, https:\/\/encuentroinformativo.com.mx\/wp-content\/uploads\/2022\/05\/F543EB5A-AE72-4368-B70E-A63E97E46685-300x200.jpeg 300w, https:\/\/encuentroinformativo.com.mx\/wp-content\/uploads\/2022\/05\/F543EB5A-AE72-4368-B70E-A63E97E46685-768x512.jpeg 768w, https:\/\/encuentroinformativo.com.mx\/wp-content\/uploads\/2022\/05\/F543EB5A-AE72-4368-B70E-A63E97E46685.jpeg 1280w\" sizes=\"auto, (max-width: 1024px) 100vw, 1024px\" \/><\/figure>\n","protected":false},"excerpt":{"rendered":"<p>Juan Arcos Xalapa, Ver.- Un total de 32 mil trabajadores participaron en el Desfile Conmemorativo del 1 de Mayo, donde algunas organizaciones sindicales exigieron mejores condiciones laborales. El evento inici\u00f3 a las 9:00 horas en el Centro Hist\u00f3rico de esta ciudad de Xalapa, con una duraci\u00f3n estimada de 4 horas con 40 minutos. El Desfile [&hellip;]<\/p>\n","protected":false},"author":1,"featured_media":26634,"comment_status":"open","ping_status":"open","sticky":false,"template":"","format":"standard","meta":{"_jetpack_memberships_contains_paid_content":false,"footnotes":""},"categories":[2],"tags":[],"class_list":["post-26633","post","type-post","status-publish","format-standard","has-post-thumbnail","hentry","category-estado"],"jetpack_featured_media_url":"https:\/\/encuentroinformativo.com.mx\/wp-content\/uploads\/2022\/05\/A130E87B-8865-401E-9225-DFC3E520E387.jpeg","jetpack_sharing_enabled":true,"jetpack_likes_enabled":true,"amp_enabled":true,"_links":{"self":[{"href":"https:\/\/encuentroinformativo.com.mx\/index.php?rest_route=\/wp\/v2\/posts\/26633","targetHints":{"allow":["GET"]}}],"collection":[{"href":"https:\/\/encuentroinformativo.com.mx\/index.php?rest_route=\/wp\/v2\/posts"}],"about":[{"href":"https:\/\/encuentroinformativo.com.mx\/index.php?rest_route=\/wp\/v2\/types\/post"}],"author":[{"embeddable":true,"href":"https:\/\/encuentroinformativo.com.mx\/index.php?rest_route=\/wp\/v2\/users\/1"}],"replies":[{"embeddable":true,"href":"https:\/\/encuentroinformativo.com.mx\/index.php?rest_route=%2Fwp%2Fv2%2Fcomments&post=26633"}],"version-history":[{"count":1,"href":"https:\/\/encuentroinformativo.com.mx\/index.php?rest_route=\/wp\/v2\/posts\/26633\/revisions"}],"predecessor-version":[{"id":26638,"href":"https:\/\/encuentroinformativo.com.mx\/index.php?rest_route=\/wp\/v2\/posts\/26633\/revisions\/26638"}],"wp:featuredmedia":[{"embeddable":true,"href":"https:\/\/encuentroinformativo.com.mx\/index.php?rest_route=\/wp\/v2\/media\/26634"}],"wp:attachment":[{"href":"https:\/\/encuentroinformativo.com.mx\/index.php?rest_route=%2Fwp%2Fv2%2Fmedia&parent=26633"}],"wp:term":[{"taxonomy":"category","embeddable":true,"href":"https:\/\/encuentroinformativo.com.mx\/index.php?rest_route=%2Fwp%2Fv2%2Fcategories&post=26633"},{"taxonomy":"post_tag","embeddable":true,"href":"https:\/\/encuentroinformativo.com.mx\/index.php?rest_route=%2Fwp%2Fv2%2Ftags&post=26633"}],"curies":[{"name":"wp","href":"https:\/\/api.w.org\/{rel}","templated":true}]}}