{"id":26639,"date":"2022-05-01T13:46:54","date_gmt":"2022-05-01T18:46:54","guid":{"rendered":"https:\/\/encuentroinformativo.com.mx\/?p=26639"},"modified":"2022-05-01T13:46:56","modified_gmt":"2022-05-01T18:46:56","slug":"refuerzan-operativos-de-seguridad-en-carreteras-de-veracruz-afirma-ssp","status":"publish","type":"post","link":"https:\/\/encuentroinformativo.com.mx\/?p=26639","title":{"rendered":"Refuerzan operativos de seguridad en carreteras de Veracruz, afirma SSP"},"content":{"rendered":"\n<p><strong>Juan Arcos <\/strong><\/p>\n\n\n\n<p>Xalapa, Ver.- El titular de la Secretar\u00eda de Seguridad P\u00fablica (SSP), Hugo Guti\u00e9rrez Maldonado, inform\u00f3 que se est\u00e1n coordinando con la Guardia Nacional para reforzar la seguridad en los tramos carreteros donde son m\u00e1s constantes los robos y asaltos a transportistas.<\/p>\n\n\n\n<p>Recientemente, circul\u00f3 un video en redes sociales sobre sujetos armados a bordo de una camioneta que asaltaron al conductor de un tr\u00e1iler en la carretera La Tinaja-Cosamaloapan, en la zona sur de Veracruz.<\/p>\n\n\n\n<p>En ese sentido, el funcionario estatal indic\u00f3 que el chofer de la unidad se encuentra libre y que se est\u00e1 investigando el atraco registrado hace varios d\u00edas.<\/p>\n\n\n\n<p>\u201cEs un tema que hemos platicado con la gente de Guardia Nacional sobre los tramos carreteros, estamos dispuestos para cooperar en los diferentes operativos. En este caso que mencionas hay una noticia criminal que ya fue puesta a disposici\u00f3n de la Fiscal\u00eda, el operador est\u00e1 libre, pero se est\u00e1 investigando el robo\u201d, expres\u00f3.<\/p>\n\n\n\n<p>Guti\u00e9rrez Maldonado refiri\u00f3 que tambi\u00e9n se coordinan acciones con la Guardia Nacional para incrementar los operativos en la zona de C\u00f3rdoba y Orizaba, donde los transportistas reportan un asalto al d\u00eda por parte del crimen organizado.<\/p>\n\n\n\n<p>\u201cEstamos en contacto con Guardia Nacional para implementar el operativo en la zona de Veracruz, del lado de Veracruz. La carretera m\u00e1s peligrosa por robos a transporte es M\u00e9xico-Veracruz, no porque en Veracruz existan muchos robos, en realidad en el l\u00edmite de Puebla es donde empiezan a increm\u00e9ntese, en el lado de Puebla y M\u00e9xico\u201d agreg\u00f3.<\/p>\n\n\n\n<p>Una vez al mes se re\u00fanen autoridades de la SSP y Guardia Nacional para emprender m\u00e1s medidas de seguridad en las carreteras de la entidad.<\/p>\n","protected":false},"excerpt":{"rendered":"<p>Juan Arcos Xalapa, Ver.- El titular de la Secretar\u00eda de Seguridad P\u00fablica (SSP), Hugo Guti\u00e9rrez Maldonado, inform\u00f3 que se est\u00e1n coordinando con la Guardia Nacional para reforzar la seguridad en los tramos carreteros donde son m\u00e1s constantes los robos y asaltos a transportistas. Recientemente, circul\u00f3 un video en redes sociales sobre sujetos armados a bordo [&hellip;]<\/p>\n","protected":false},"author":1,"featured_media":26640,"comment_status":"open","ping_status":"open","sticky":false,"template":"","format":"standard","meta":{"_jetpack_memberships_contains_paid_content":false,"footnotes":""},"categories":[2],"tags":[],"class_list":["post-26639","post","type-post","status-publish","format-standard","has-post-thumbnail","hentry","category-estado"],"jetpack_featured_media_url":"https:\/\/encuentroinformativo.com.mx\/wp-content\/uploads\/2022\/05\/9763C178-FD1A-49CE-A7DB-C5C3747779DD.jpeg","jetpack_sharing_enabled":true,"jetpack_likes_enabled":true,"amp_enabled":true,"_links":{"self":[{"href":"https:\/\/encuentroinformativo.com.mx\/index.php?rest_route=\/wp\/v2\/posts\/26639","targetHints":{"allow":["GET"]}}],"collection":[{"href":"https:\/\/encuentroinformativo.com.mx\/index.php?rest_route=\/wp\/v2\/posts"}],"about":[{"href":"https:\/\/encuentroinformativo.com.mx\/index.php?rest_route=\/wp\/v2\/types\/post"}],"author":[{"embeddable":true,"href":"https:\/\/encuentroinformativo.com.mx\/index.php?rest_route=\/wp\/v2\/users\/1"}],"replies":[{"embeddable":true,"href":"https:\/\/encuentroinformativo.com.mx\/index.php?rest_route=%2Fwp%2Fv2%2Fcomments&post=26639"}],"version-history":[{"count":1,"href":"https:\/\/encuentroinformativo.com.mx\/index.php?rest_route=\/wp\/v2\/posts\/26639\/revisions"}],"predecessor-version":[{"id":26641,"href":"https:\/\/encuentroinformativo.com.mx\/index.php?rest_route=\/wp\/v2\/posts\/26639\/revisions\/26641"}],"wp:featuredmedia":[{"embeddable":true,"href":"https:\/\/encuentroinformativo.com.mx\/index.php?rest_route=\/wp\/v2\/media\/26640"}],"wp:attachment":[{"href":"https:\/\/encuentroinformativo.com.mx\/index.php?rest_route=%2Fwp%2Fv2%2Fmedia&parent=26639"}],"wp:term":[{"taxonomy":"category","embeddable":true,"href":"https:\/\/encuentroinformativo.com.mx\/index.php?rest_route=%2Fwp%2Fv2%2Fcategories&post=26639"},{"taxonomy":"post_tag","embeddable":true,"href":"https:\/\/encuentroinformativo.com.mx\/index.php?rest_route=%2Fwp%2Fv2%2Ftags&post=26639"}],"curies":[{"name":"wp","href":"https:\/\/api.w.org\/{rel}","templated":true}]}}