{"id":26649,"date":"2022-05-01T15:05:05","date_gmt":"2022-05-01T20:05:05","guid":{"rendered":"https:\/\/encuentroinformativo.com.mx\/?p=26649"},"modified":"2022-05-01T15:05:09","modified_gmt":"2022-05-01T20:05:09","slug":"en-abril-4-transportistas-fueron-asesinados","status":"publish","type":"post","link":"https:\/\/encuentroinformativo.com.mx\/?p=26649","title":{"rendered":"En abril, 4 transportistas fueron asesinados"},"content":{"rendered":"\n<p><strong>Juan Arcos\u00a0<\/strong><\/p>\n\n\n\n<p>Xalapa, Ver.- Los robos y asaltos a transportistas en carreteras del estado de Veracruz contin\u00faan en aumento durante este a\u00f1o, donde los choferes han sido asesinados, en algunos casos.<\/p>\n\n\n\n<p>De acuerdo con el l\u00edder de la Alianza Mexicana de Organizaciones de Transportistas (AMOTAC) en la entidad, Juan Ciro Dur\u00e1n Mendoza, solo en el mes de abril se contabilizaron cuatro asesinatos de conductores de unidades de carga pesada.<\/p>\n\n\n\n<p>\u201cNos est\u00e1n matando a los operadores por unas cuantas monedas&#8221;, expres\u00f3 el l\u00edder transportista.<\/p>\n\n\n\n<p>Los conductores de la AMOTAC participaron en el desfile conmemorativo por el D\u00eda Internacional del Trabajo, donde pidieron a las autoridades estatales mayor seguridad en las carreteras.<\/p>\n\n\n\n<p>&#8220;A nivel nacional tenemos los asaltos y muertes de operadores, volveremos a hacer manifestaciones el 31 de mayo y 1 de junio\u201d, a\u00f1adi\u00f3.<\/p>\n\n\n\n<p>La zona m\u00e1s insegura para los operadores de autotransportes es Maltrata, hacia la localidad La Venta, estado de Tabasco.<\/p>\n\n\n\n<p>Dur\u00e1n Mendoza coment\u00f3 que al mes ocurren hasta 80 asaltos a mano armada en carreteras de Veracruz.<\/p>\n\n\n\n<p>Los transportistas consideran que Veracruz ocupa el octavo lugar nacional con m\u00e1s atracos a conductores, despu\u00e9s de Tamaulipas, Sinaloa, Zacatecas y otras entidades.<\/p>\n","protected":false},"excerpt":{"rendered":"<p>Juan Arcos\u00a0 Xalapa, Ver.- Los robos y asaltos a transportistas en carreteras del estado de Veracruz contin\u00faan en aumento durante este a\u00f1o, donde los choferes han sido asesinados, en algunos casos. De acuerdo con el l\u00edder de la Alianza Mexicana de Organizaciones de Transportistas (AMOTAC) en la entidad, Juan Ciro Dur\u00e1n Mendoza, solo en el [&hellip;]<\/p>\n","protected":false},"author":1,"featured_media":26650,"comment_status":"open","ping_status":"open","sticky":false,"template":"","format":"standard","meta":{"_jetpack_memberships_contains_paid_content":false,"footnotes":""},"categories":[14],"tags":[],"class_list":["post-26649","post","type-post","status-publish","format-standard","has-post-thumbnail","hentry","category-policiaca"],"jetpack_featured_media_url":"https:\/\/encuentroinformativo.com.mx\/wp-content\/uploads\/2022\/05\/9FC33DD8-549F-4AD0-A6D4-06A1701BC929.jpeg","jetpack_sharing_enabled":true,"jetpack_likes_enabled":true,"amp_enabled":true,"_links":{"self":[{"href":"https:\/\/encuentroinformativo.com.mx\/index.php?rest_route=\/wp\/v2\/posts\/26649","targetHints":{"allow":["GET"]}}],"collection":[{"href":"https:\/\/encuentroinformativo.com.mx\/index.php?rest_route=\/wp\/v2\/posts"}],"about":[{"href":"https:\/\/encuentroinformativo.com.mx\/index.php?rest_route=\/wp\/v2\/types\/post"}],"author":[{"embeddable":true,"href":"https:\/\/encuentroinformativo.com.mx\/index.php?rest_route=\/wp\/v2\/users\/1"}],"replies":[{"embeddable":true,"href":"https:\/\/encuentroinformativo.com.mx\/index.php?rest_route=%2Fwp%2Fv2%2Fcomments&post=26649"}],"version-history":[{"count":1,"href":"https:\/\/encuentroinformativo.com.mx\/index.php?rest_route=\/wp\/v2\/posts\/26649\/revisions"}],"predecessor-version":[{"id":26651,"href":"https:\/\/encuentroinformativo.com.mx\/index.php?rest_route=\/wp\/v2\/posts\/26649\/revisions\/26651"}],"wp:featuredmedia":[{"embeddable":true,"href":"https:\/\/encuentroinformativo.com.mx\/index.php?rest_route=\/wp\/v2\/media\/26650"}],"wp:attachment":[{"href":"https:\/\/encuentroinformativo.com.mx\/index.php?rest_route=%2Fwp%2Fv2%2Fmedia&parent=26649"}],"wp:term":[{"taxonomy":"category","embeddable":true,"href":"https:\/\/encuentroinformativo.com.mx\/index.php?rest_route=%2Fwp%2Fv2%2Fcategories&post=26649"},{"taxonomy":"post_tag","embeddable":true,"href":"https:\/\/encuentroinformativo.com.mx\/index.php?rest_route=%2Fwp%2Fv2%2Ftags&post=26649"}],"curies":[{"name":"wp","href":"https:\/\/api.w.org\/{rel}","templated":true}]}}