{"id":26652,"date":"2022-05-01T18:06:58","date_gmt":"2022-05-01T23:06:58","guid":{"rendered":"https:\/\/encuentroinformativo.com.mx\/?p=26652"},"modified":"2022-05-01T18:07:01","modified_gmt":"2022-05-01T23:07:01","slug":"reclaman-docentes-pago-de-incentivos","status":"publish","type":"post","link":"https:\/\/encuentroinformativo.com.mx\/?p=26652","title":{"rendered":"Reclaman docentes pago de incentivos"},"content":{"rendered":"\n<p><strong>Juan Arcos<\/strong><\/p>\n\n\n\n<p>Xalapa, Ver.- Profesores del sistema estatal exigieron el pago inmediato de la promoci\u00f3n horizontal que les adeudan desde diciembre pasado.<\/p>\n\n\n\n<p>Los maestros participaron en el desfile conmemorativo por el D\u00eda Internacional del Trabajo en la ciudad de Xalapa, para pedir al titular de la Secretar\u00eda de Educaci\u00f3n de Veracruz (SEV), Zenyazen Escobar Garc\u00eda, que se atienda la problem\u00e1tica.<\/p>\n\n\n\n<p>De acuerdo con Alejandro Garc\u00eda Ruiz, representante de la Delegaci\u00f3n D-I-61 de de la Secci\u00f3n 56 del Sindicato Nacional de Trabajadores de la Educaci\u00f3n (SNTE), cerca de cinco mil acad\u00e9micos del nivel b\u00e1sico est\u00e1n siendo afectados por dicho motivo.<\/p>\n\n\n\n<p>Los docentes han encabezado protestas frente a Palacio de Gobierno sin obtener una respuesta favorable.<\/p>\n\n\n\n<p>\u201cPodr\u00edan estar jineteando el dinero. A los docentes del sistema federal ya les pagaron este concepto desde diciembre que fue la promoci\u00f3n, pero a los del sistema estatal a\u00fan no se les ha cubierto este pago\u201d, enfatiz\u00f3 el entrevistado.<\/p>\n\n\n\n<p>Los quejosos solicitaron la intervenci\u00f3n de las autoridades estatales para que los docentes reciban su pago correspondiente.<\/p>\n\n\n\n<p>\u201cNo nos han pagado lo de promoci\u00f3n horizontal son cerca de cinco mil o cuatro Moo maestros, todos somos de primaria. Pero ya pasaron seis meses, desde diciembre tuvieron que haber pagado\u201d, a\u00f1adi\u00f3 el entrevistado.<\/p>\n\n\n\n<p>Los profesores amagaron con seguir manifest\u00e1ndose hasta que las autoridades educativas asuman su responsabilidad y liberen los pagos mencionados.<\/p>\n","protected":false},"excerpt":{"rendered":"<p>Juan Arcos Xalapa, Ver.- Profesores del sistema estatal exigieron el pago inmediato de la promoci\u00f3n horizontal que les adeudan desde diciembre pasado. Los maestros participaron en el desfile conmemorativo por el D\u00eda Internacional del Trabajo en la ciudad de Xalapa, para pedir al titular de la Secretar\u00eda de Educaci\u00f3n de Veracruz (SEV), Zenyazen Escobar Garc\u00eda, [&hellip;]<\/p>\n","protected":false},"author":1,"featured_media":26653,"comment_status":"open","ping_status":"open","sticky":false,"template":"","format":"standard","meta":{"_jetpack_memberships_contains_paid_content":false,"footnotes":""},"categories":[3],"tags":[],"class_list":["post-26652","post","type-post","status-publish","format-standard","has-post-thumbnail","hentry","category-xalapa"],"jetpack_featured_media_url":"https:\/\/encuentroinformativo.com.mx\/wp-content\/uploads\/2022\/05\/7EC6FB22-6B5C-4918-82AF-061B1EC32D04.jpeg","jetpack_sharing_enabled":true,"jetpack_likes_enabled":true,"amp_enabled":true,"_links":{"self":[{"href":"https:\/\/encuentroinformativo.com.mx\/index.php?rest_route=\/wp\/v2\/posts\/26652","targetHints":{"allow":["GET"]}}],"collection":[{"href":"https:\/\/encuentroinformativo.com.mx\/index.php?rest_route=\/wp\/v2\/posts"}],"about":[{"href":"https:\/\/encuentroinformativo.com.mx\/index.php?rest_route=\/wp\/v2\/types\/post"}],"author":[{"embeddable":true,"href":"https:\/\/encuentroinformativo.com.mx\/index.php?rest_route=\/wp\/v2\/users\/1"}],"replies":[{"embeddable":true,"href":"https:\/\/encuentroinformativo.com.mx\/index.php?rest_route=%2Fwp%2Fv2%2Fcomments&post=26652"}],"version-history":[{"count":1,"href":"https:\/\/encuentroinformativo.com.mx\/index.php?rest_route=\/wp\/v2\/posts\/26652\/revisions"}],"predecessor-version":[{"id":26654,"href":"https:\/\/encuentroinformativo.com.mx\/index.php?rest_route=\/wp\/v2\/posts\/26652\/revisions\/26654"}],"wp:featuredmedia":[{"embeddable":true,"href":"https:\/\/encuentroinformativo.com.mx\/index.php?rest_route=\/wp\/v2\/media\/26653"}],"wp:attachment":[{"href":"https:\/\/encuentroinformativo.com.mx\/index.php?rest_route=%2Fwp%2Fv2%2Fmedia&parent=26652"}],"wp:term":[{"taxonomy":"category","embeddable":true,"href":"https:\/\/encuentroinformativo.com.mx\/index.php?rest_route=%2Fwp%2Fv2%2Fcategories&post=26652"},{"taxonomy":"post_tag","embeddable":true,"href":"https:\/\/encuentroinformativo.com.mx\/index.php?rest_route=%2Fwp%2Fv2%2Ftags&post=26652"}],"curies":[{"name":"wp","href":"https:\/\/api.w.org\/{rel}","templated":true}]}}