{"id":26669,"date":"2022-05-02T12:57:30","date_gmt":"2022-05-02T17:57:30","guid":{"rendered":"https:\/\/encuentroinformativo.com.mx\/?p=26669"},"modified":"2022-05-02T12:57:33","modified_gmt":"2022-05-02T17:57:33","slug":"mexico-con-mas-de-un-millon-de-ninos-superdotados","status":"publish","type":"post","link":"https:\/\/encuentroinformativo.com.mx\/?p=26669","title":{"rendered":"M\u00e9xico con m\u00e1s de un mill\u00f3n de ni\u00f1os \u2018superdotados\u2019"},"content":{"rendered":"\n<p><strong>Dar\u00edo Pale <\/strong><\/p>\n\n\n\n<p>Xalapa, Ver.- Antonio de Jes\u00fas Cruz Ceballos es un joven superdotado pide mejores diagn\u00f3sticos a menores como \u00e9l ya que en M\u00e9xico existen al menos un mill\u00f3n de ni\u00f1os que pueden ser superdotados.<\/p>\n\n\n\n<p>En conferencia de prensa, Antonio de Jes\u00fas es un joven de 20 a\u00f1os de edad superdotado, ya que desde hace varios a\u00f1os logr\u00f3 concluir la licenciatura en Lenguas Inglesas y actualmente cursa el d\u00e9cimo semestre de Medicina.<\/p>\n\n\n\n<p>&#8220;No creo que haya un camino f\u00e1cil, yo creo que ninguno lo es, todos tenemos obst\u00e1culos que superar y en mi caso he tenido la fortuna de crecer en una familia fuerte, con ideales, valores y eso es muy importante&#8221;, se\u00f1al\u00f3.<\/p>\n\n\n\n<p>&#8220;La constancia y tener confianza en uno mismo y de lo que uno es capaz&#8221;, expres\u00f3 luego de dar a conocer que concluy\u00f3 la primaria a los 9, la secundaria a los 11, la preparatoria a los 12 a\u00f1os de edad.<\/p>\n\n\n\n<p>Explic\u00f3 que aunque curs\u00f3 la primaria de manera presencial, los siguientes grados los aprob\u00f3 a trav\u00e9s de ex\u00e1menes de &#8220;aceleraci\u00f3n&#8221;, tras ser diagnosticado como un ni\u00f1os sobredotado en 2011.<\/p>\n\n\n\n<p>Opin\u00f3 que actualmente hay m\u00e1s estudios y se est\u00e1n reconociendo m\u00e1s las necesidades de los ni\u00f1os superdotados, sin embargo, todav\u00eda falta el reconocimiento, la detecci\u00f3n temprana, porque luego los catalogan como ni\u00f1os con Asperger, autismo, entre otros.<\/p>\n\n\n\n<p>Revel\u00f3 que con base en estad\u00edsticas, se sabe que hay m\u00e1s de un mill\u00f3n de ni\u00f1os sobredotados en M\u00e9xico, pero la mayor\u00eda son mal diagnosticados.<\/p>\n\n\n\n<p>Destac\u00f3 que una de sus metas, a su corta edad, es lograr desarollarse en el campo de la medicina, particularmente en neurolog\u00eda.<\/p>\n\n\n\n<p>Por lo anterior el Colegio de Abogados Juristas del Estado de Veracruz A.C., le otorgaron un reconocimiento al igual que la asociaci\u00f3n civil Palabras y Hechos por los logros que ha tenido a su corta edad.<\/p>\n\n\n\n<p>Por \u00faltimo opin\u00f3 que, M\u00e9xico tiene mucho talento, pero lo importante es detectar a aquellos j\u00f3venes como \u00e9l, a tiempo, ya que es as\u00ed como se dan las conocidas &#8220;fugas de cerebro&#8221;.<\/p>\n","protected":false},"excerpt":{"rendered":"<p>Dar\u00edo Pale Xalapa, Ver.- Antonio de Jes\u00fas Cruz Ceballos es un joven superdotado pide mejores diagn\u00f3sticos a menores como \u00e9l ya que en M\u00e9xico existen al menos un mill\u00f3n de ni\u00f1os que pueden ser superdotados. En conferencia de prensa, Antonio de Jes\u00fas es un joven de 20 a\u00f1os de edad superdotado, ya que desde hace [&hellip;]<\/p>\n","protected":false},"author":1,"featured_media":26670,"comment_status":"open","ping_status":"open","sticky":false,"template":"","format":"standard","meta":{"_jetpack_memberships_contains_paid_content":false,"footnotes":""},"categories":[3],"tags":[],"class_list":["post-26669","post","type-post","status-publish","format-standard","has-post-thumbnail","hentry","category-xalapa"],"jetpack_featured_media_url":"https:\/\/encuentroinformativo.com.mx\/wp-content\/uploads\/2022\/05\/0EC09200-5231-4FF8-93E4-744125BC84B0.jpeg","jetpack_sharing_enabled":true,"jetpack_likes_enabled":true,"amp_enabled":true,"_links":{"self":[{"href":"https:\/\/encuentroinformativo.com.mx\/index.php?rest_route=\/wp\/v2\/posts\/26669","targetHints":{"allow":["GET"]}}],"collection":[{"href":"https:\/\/encuentroinformativo.com.mx\/index.php?rest_route=\/wp\/v2\/posts"}],"about":[{"href":"https:\/\/encuentroinformativo.com.mx\/index.php?rest_route=\/wp\/v2\/types\/post"}],"author":[{"embeddable":true,"href":"https:\/\/encuentroinformativo.com.mx\/index.php?rest_route=\/wp\/v2\/users\/1"}],"replies":[{"embeddable":true,"href":"https:\/\/encuentroinformativo.com.mx\/index.php?rest_route=%2Fwp%2Fv2%2Fcomments&post=26669"}],"version-history":[{"count":1,"href":"https:\/\/encuentroinformativo.com.mx\/index.php?rest_route=\/wp\/v2\/posts\/26669\/revisions"}],"predecessor-version":[{"id":26671,"href":"https:\/\/encuentroinformativo.com.mx\/index.php?rest_route=\/wp\/v2\/posts\/26669\/revisions\/26671"}],"wp:featuredmedia":[{"embeddable":true,"href":"https:\/\/encuentroinformativo.com.mx\/index.php?rest_route=\/wp\/v2\/media\/26670"}],"wp:attachment":[{"href":"https:\/\/encuentroinformativo.com.mx\/index.php?rest_route=%2Fwp%2Fv2%2Fmedia&parent=26669"}],"wp:term":[{"taxonomy":"category","embeddable":true,"href":"https:\/\/encuentroinformativo.com.mx\/index.php?rest_route=%2Fwp%2Fv2%2Fcategories&post=26669"},{"taxonomy":"post_tag","embeddable":true,"href":"https:\/\/encuentroinformativo.com.mx\/index.php?rest_route=%2Fwp%2Fv2%2Ftags&post=26669"}],"curies":[{"name":"wp","href":"https:\/\/api.w.org\/{rel}","templated":true}]}}