{"id":26672,"date":"2022-05-02T13:05:24","date_gmt":"2022-05-02T18:05:24","guid":{"rendered":"https:\/\/encuentroinformativo.com.mx\/?p=26672"},"modified":"2022-05-02T13:05:28","modified_gmt":"2022-05-02T18:05:28","slug":"conforman-nuevo-sindicato-magisterial","status":"publish","type":"post","link":"https:\/\/encuentroinformativo.com.mx\/?p=26672","title":{"rendered":"Conforman nuevo sindicato magisterial"},"content":{"rendered":"\n<p><strong>Juan Arcos <\/strong><\/p>\n\n\n\n<p>Xalapa, Ver.- A partir del 4 de abril, el Frente Democr\u00e1tico Magisterial (Fredemag) se constituy\u00f3 como una nueva organizaci\u00f3n sindical en el estado de Veracruz, con m\u00e1s de mil agremiados.<\/p>\n\n\n\n<p>Oswaldo Daniel Ahumada Aguirre, l\u00edder del Fredemag, indic\u00f3 que se decidi\u00f3 la conformaci\u00f3n de este sindicato luego de los conflictos internos tras la elecci\u00f3n de la dirigencia en el Sindicato Democr\u00e1tico de Trabajadores de la Educaci\u00f3n de Veracruz (SDTEV).<\/p>\n\n\n\n<p>Record\u00f3 que hace m\u00e1s de dos a\u00f1os y medio se dio una elecci\u00f3n al interior del SDTEV donde \u00e9l particip\u00f3 y obtuvo m\u00e1s de mil 200 votos que le dieron el reconocimiento como Secretario General; sin embargo, la otra fracci\u00f3n ingres\u00f3 ante el Tribunal Estatal de Conciliaci\u00f3n y Arbitraje (TCA) una lista de m\u00e1s de 3 mil votos a su favor, pero s\u00f3lo hab\u00edan obtenido 600.<\/p>\n\n\n\n<p>Se habla de que fueron falsificadas firmas y que se utilizaron las firmas de los agremiados fallecidos, situaci\u00f3n que fue comprobada y documentada ante los tribunales.<\/p>\n\n\n\n<p>\u201cPor esa raz\u00f3n nos dimos a la tarea de investigar y fue donde encontramos que hab\u00edan falsificado firmas, encontramos duplicidad en las votaciones, votaron compa\u00f1eros que no pertenec\u00edan a la organizaci\u00f3n y lo peor de todo, que presentaron votos de compa\u00f1eros ya fallecidos. Por esas y otras irregularidades fue que interpusimos una demanda ante el TCA e instancias federales en contra de la ilegal Toma de Nota que les fue entregada a la otra fracci\u00f3n\u201d, expres\u00f3.<\/p>\n\n\n\n<p>En rueda de prensa, a\u00f1adi\u00f3 que, en marzo pasado, el Tribunal Federal resolvi\u00f3\u00a0sobreseer el recurso de revisi\u00f3n, sin conceder el amparo correspondiente.<\/p>\n\n\n\n<p>Por tal motivo, se constituy\u00f3 el Frente Democr\u00e1tico Magisterial y el pasado 11 de abril fue presentada la solicitud de registro y toma de nota al Tribunal deConciliaci\u00f3n y Arbitraje, junto con todos los requisitos correspondientes.<\/p>\n\n\n\n<p>Ahumada Aguirre consider\u00f3 que a m\u00e1s tardar a finales de junio pr\u00f3ximo podr\u00edan entregar la toma de nota, que garantizar\u00eda toda certeza jur\u00eddica a la organizaci\u00f3n sindical.<\/p>\n\n\n\n<p>El dirigente sindical refiri\u00f3 que se buscar\u00e1 el di\u00e1logo con autoridades de la Secretar\u00eda de Educaci\u00f3n de Veracruz (SEV) para agilizar los tr\u00e1mites que est\u00e1n pendientes con sus agremiados, como pagos, basificaciones y otros conceptos.<\/p>\n","protected":false},"excerpt":{"rendered":"<p>Juan Arcos Xalapa, Ver.- A partir del 4 de abril, el Frente Democr\u00e1tico Magisterial (Fredemag) se constituy\u00f3 como una nueva organizaci\u00f3n sindical en el estado de Veracruz, con m\u00e1s de mil agremiados. Oswaldo Daniel Ahumada Aguirre, l\u00edder del Fredemag, indic\u00f3 que se decidi\u00f3 la conformaci\u00f3n de este sindicato luego de los conflictos internos tras la [&hellip;]<\/p>\n","protected":false},"author":1,"featured_media":26673,"comment_status":"open","ping_status":"open","sticky":false,"template":"","format":"standard","meta":{"_jetpack_memberships_contains_paid_content":false,"footnotes":""},"categories":[2],"tags":[],"class_list":["post-26672","post","type-post","status-publish","format-standard","has-post-thumbnail","hentry","category-estado"],"jetpack_featured_media_url":"https:\/\/encuentroinformativo.com.mx\/wp-content\/uploads\/2022\/05\/E9B82AEF-E9A4-4917-A6AE-F9ED6D39FAF4.jpeg","jetpack_sharing_enabled":true,"jetpack_likes_enabled":true,"amp_enabled":true,"_links":{"self":[{"href":"https:\/\/encuentroinformativo.com.mx\/index.php?rest_route=\/wp\/v2\/posts\/26672","targetHints":{"allow":["GET"]}}],"collection":[{"href":"https:\/\/encuentroinformativo.com.mx\/index.php?rest_route=\/wp\/v2\/posts"}],"about":[{"href":"https:\/\/encuentroinformativo.com.mx\/index.php?rest_route=\/wp\/v2\/types\/post"}],"author":[{"embeddable":true,"href":"https:\/\/encuentroinformativo.com.mx\/index.php?rest_route=\/wp\/v2\/users\/1"}],"replies":[{"embeddable":true,"href":"https:\/\/encuentroinformativo.com.mx\/index.php?rest_route=%2Fwp%2Fv2%2Fcomments&post=26672"}],"version-history":[{"count":1,"href":"https:\/\/encuentroinformativo.com.mx\/index.php?rest_route=\/wp\/v2\/posts\/26672\/revisions"}],"predecessor-version":[{"id":26674,"href":"https:\/\/encuentroinformativo.com.mx\/index.php?rest_route=\/wp\/v2\/posts\/26672\/revisions\/26674"}],"wp:featuredmedia":[{"embeddable":true,"href":"https:\/\/encuentroinformativo.com.mx\/index.php?rest_route=\/wp\/v2\/media\/26673"}],"wp:attachment":[{"href":"https:\/\/encuentroinformativo.com.mx\/index.php?rest_route=%2Fwp%2Fv2%2Fmedia&parent=26672"}],"wp:term":[{"taxonomy":"category","embeddable":true,"href":"https:\/\/encuentroinformativo.com.mx\/index.php?rest_route=%2Fwp%2Fv2%2Fcategories&post=26672"},{"taxonomy":"post_tag","embeddable":true,"href":"https:\/\/encuentroinformativo.com.mx\/index.php?rest_route=%2Fwp%2Fv2%2Ftags&post=26672"}],"curies":[{"name":"wp","href":"https:\/\/api.w.org\/{rel}","templated":true}]}}