{"id":26687,"date":"2022-05-02T13:48:22","date_gmt":"2022-05-02T18:48:22","guid":{"rendered":"https:\/\/encuentroinformativo.com.mx\/?p=26687"},"modified":"2022-05-02T13:48:25","modified_gmt":"2022-05-02T18:48:25","slug":"roban-100-mil-pesos-de-cableado-electrico-a-escuela-de-veracruz-puerto","status":"publish","type":"post","link":"https:\/\/encuentroinformativo.com.mx\/?p=26687","title":{"rendered":"Roban 100 mil pesos de cableado el\u00e9ctrico a escuela de Veracruz puerto"},"content":{"rendered":"\n<p><strong>Alejandro \u00c1vila<\/strong><\/p>\n\n\n\n<p>Veracruz, Ver.- Un aproximado de 180 alumnos de la primaria M\u00e9xico son los afectados por el robo del cableado sufrido durante la pandemia, motivo por el cual carecen de luz el\u00e9ctrica y agua potable en el plantel educativo.<\/p>\n\n\n\n<p>Ante esta situaci\u00f3n, el personal administrativo en apoyo con la Asociaci\u00f3n de Padres de Familia realizar\u00e1n una colecta de pl\u00e1stico para tratar de conseguir 100 mil pesos, y as\u00ed poder rehabilitar la energ\u00eda el\u00e9ctrica en la instituci\u00f3n educativa.<\/p>\n\n\n\n<p>&#8220;No han presupuestado en esta cuesti\u00f3n de cable, nos dicen que son 100 mil pesos y dinero no hay como tal, no hubo una inscripci\u00f3n por la cuesti\u00f3n de la pandemia. Entonces, no tenemos como tal dinero, aqu\u00ed tengo a mi Mesa Directiva, la Asociaci\u00f3n de Padres de Familia, y hemos pensado en llevar a cabo un programa de reciclado de material de PET, lo estamos iniciando a nivel escuela, pero lo queremos sacar a la comunidad por la cantidad que tenemos que juntar&#8221;, apunt\u00f3 Claudia Lizbeth Cazar\u00edn Galicia.<\/p>\n\n\n\n<p>La directora de la escuela M\u00e9xico reconoci\u00f3 que no fue el \u00fanico robo que sufrieron durante la pandemia, pero si fue el m\u00e1s significativo pues le retiraron todo el cableado de cobre.<\/p>\n\n\n\n<p>Aclar\u00f3 que, si bien se dieron cuenta de lo sucedido en diciembre pasado e interpusieron las denuncias correspondientes ante FGE y la SEV, las autoridades judiciales y educativas no han dado una respuesta satisfactoria a su problem\u00e1tica.<\/p>\n\n\n\n<p>&#8220;Ha habido visitas de inspecci\u00f3n como tal, pero no ha habido una respuesta verdadera, de que nos apoyen. Incluso, efectivamente, es una escuela muy grande, es una manzana completa de escuela, pero la compartimos con otras dos escuelas&#8221;, agreg\u00f3.<\/p>\n\n\n\n<p>Los interesados en apoyar al plantel educativo podr\u00e1n dirigirse a la escuela ubicada en, las calles Constituci\u00f3n entre Revillagigedo y Guadalupe Victoria, en horario de 9 de la ma\u00f1ana a 12 del d\u00eda.<\/p>\n","protected":false},"excerpt":{"rendered":"<p>Alejandro \u00c1vila Veracruz, Ver.- Un aproximado de 180 alumnos de la primaria M\u00e9xico son los afectados por el robo del cableado sufrido durante la pandemia, motivo por el cual carecen de luz el\u00e9ctrica y agua potable en el plantel educativo. Ante esta situaci\u00f3n, el personal administrativo en apoyo con la Asociaci\u00f3n de Padres de Familia [&hellip;]<\/p>\n","protected":false},"author":1,"featured_media":26688,"comment_status":"open","ping_status":"open","sticky":false,"template":"","format":"standard","meta":{"_jetpack_memberships_contains_paid_content":false,"footnotes":""},"categories":[2],"tags":[],"class_list":["post-26687","post","type-post","status-publish","format-standard","has-post-thumbnail","hentry","category-estado"],"jetpack_featured_media_url":"https:\/\/encuentroinformativo.com.mx\/wp-content\/uploads\/2022\/05\/13779EDC-1582-4EA7-850B-416C19769772.jpeg","jetpack_sharing_enabled":true,"jetpack_likes_enabled":true,"amp_enabled":true,"_links":{"self":[{"href":"https:\/\/encuentroinformativo.com.mx\/index.php?rest_route=\/wp\/v2\/posts\/26687","targetHints":{"allow":["GET"]}}],"collection":[{"href":"https:\/\/encuentroinformativo.com.mx\/index.php?rest_route=\/wp\/v2\/posts"}],"about":[{"href":"https:\/\/encuentroinformativo.com.mx\/index.php?rest_route=\/wp\/v2\/types\/post"}],"author":[{"embeddable":true,"href":"https:\/\/encuentroinformativo.com.mx\/index.php?rest_route=\/wp\/v2\/users\/1"}],"replies":[{"embeddable":true,"href":"https:\/\/encuentroinformativo.com.mx\/index.php?rest_route=%2Fwp%2Fv2%2Fcomments&post=26687"}],"version-history":[{"count":1,"href":"https:\/\/encuentroinformativo.com.mx\/index.php?rest_route=\/wp\/v2\/posts\/26687\/revisions"}],"predecessor-version":[{"id":26689,"href":"https:\/\/encuentroinformativo.com.mx\/index.php?rest_route=\/wp\/v2\/posts\/26687\/revisions\/26689"}],"wp:featuredmedia":[{"embeddable":true,"href":"https:\/\/encuentroinformativo.com.mx\/index.php?rest_route=\/wp\/v2\/media\/26688"}],"wp:attachment":[{"href":"https:\/\/encuentroinformativo.com.mx\/index.php?rest_route=%2Fwp%2Fv2%2Fmedia&parent=26687"}],"wp:term":[{"taxonomy":"category","embeddable":true,"href":"https:\/\/encuentroinformativo.com.mx\/index.php?rest_route=%2Fwp%2Fv2%2Fcategories&post=26687"},{"taxonomy":"post_tag","embeddable":true,"href":"https:\/\/encuentroinformativo.com.mx\/index.php?rest_route=%2Fwp%2Fv2%2Ftags&post=26687"}],"curies":[{"name":"wp","href":"https:\/\/api.w.org\/{rel}","templated":true}]}}