{"id":26697,"date":"2022-05-02T10:01:20","date_gmt":"2022-05-02T15:01:20","guid":{"rendered":"https:\/\/encuentroinformativo.com.mx\/?p=26697"},"modified":"2022-05-02T14:04:32","modified_gmt":"2022-05-02T19:04:32","slug":"inversion-publica-y-privada-en-mexico-ha-decaido-julen-rementeria","status":"publish","type":"post","link":"https:\/\/encuentroinformativo.com.mx\/?p=26697","title":{"rendered":"Inversi\u00f3n p\u00fablica y privada en M\u00e9xico ha deca\u00eddo: Julen Rementer\u00eda"},"content":{"rendered":"\n<p><strong>Alejandro \u00c1vila<\/strong><\/p>\n\n\n\n<p>Veracruz, Ver.- El bajo crecimiento y la inflaci\u00f3n son producto de la poca inversi\u00f3n p\u00fablica y privada qu\u00e9 existe en M\u00e9xico, asegur\u00f3 el Senador, Julen Rementer\u00eda del Puerto.<\/p>\n\n\n\n<p>El panista mencion\u00f3 qu\u00e9, la discusi\u00f3n de la Reforma Electoral (que se votar\u00e1 hasta septiembre) es un distractor para no hablar de los temas relevantes c\u00f3mo son, salud, educaci\u00f3n, seguridad, generaci\u00f3n de infraestructura, e inversi\u00f3n p\u00fablica y privada.<\/p>\n\n\n\n<p>&#8220;El pa\u00eds est\u00e1 realmente en un problema muy serio, porque la inversi\u00f3n, la p\u00fablica y la privada ha ca\u00eddo much\u00edsimo y genera condiciones de muy poco desarrollo, es m\u00e1s, no permite condiciones de desarrollo, y por eso tenemos la inflaci\u00f3n, y por eso tenemos la baja de crecimiento, y por eso tenemos las condiciones tan deplorables qu\u00e9 se tienen, perm\u00edtame la expresi\u00f3n, en materia econ\u00f3mica nuestro pa\u00eds&#8221;, dijo Julen Rementer\u00eda.<\/p>\n\n\n\n<p>El coordinador del Grupo Parlamentario del PAN en el Senado lament\u00f3 que, el Gobierno Federal quiera &#8220;polarizar&#8221; las discusiones en el Congreso de La Uni\u00f3n, pues existen prioridades de la ciudadan\u00eda que deben ser atendidas a la brevedad.<\/p>\n\n\n\n<p>Julen Rementer\u00eda refiri\u00f3 que, el Instituto Nacional Electoral (INE), es un \u00e1rbitro imparcial, tanto que ratific\u00f3 el triunfo del presidente Andr\u00e9s Manuel L\u00f3pez Obrador, pues es lo que hab\u00eda votado la mayor\u00eda de los mexicanos; es por ello qu\u00e9 se considera il\u00f3gico qu\u00e9 se le quieren restar facultades al INE y se le acuse de servir a la oposici\u00f3n.<\/p>\n","protected":false},"excerpt":{"rendered":"<p>Alejandro \u00c1vila Veracruz, Ver.- El bajo crecimiento y la inflaci\u00f3n son producto de la poca inversi\u00f3n p\u00fablica y privada qu\u00e9 existe en M\u00e9xico, asegur\u00f3 el Senador, Julen Rementer\u00eda del Puerto. El panista mencion\u00f3 qu\u00e9, la discusi\u00f3n de la Reforma Electoral (que se votar\u00e1 hasta septiembre) es un distractor para no hablar de los temas relevantes [&hellip;]<\/p>\n","protected":false},"author":1,"featured_media":26698,"comment_status":"open","ping_status":"open","sticky":false,"template":"","format":"standard","meta":{"_jetpack_memberships_contains_paid_content":false,"footnotes":""},"categories":[12],"tags":[],"class_list":["post-26697","post","type-post","status-publish","format-standard","has-post-thumbnail","hentry","category-nacional"],"jetpack_featured_media_url":"https:\/\/encuentroinformativo.com.mx\/wp-content\/uploads\/2022\/05\/49AFB24B-C737-4F50-BB7F-7AB3ABFE013E.jpeg","jetpack_sharing_enabled":true,"jetpack_likes_enabled":true,"amp_enabled":true,"_links":{"self":[{"href":"https:\/\/encuentroinformativo.com.mx\/index.php?rest_route=\/wp\/v2\/posts\/26697","targetHints":{"allow":["GET"]}}],"collection":[{"href":"https:\/\/encuentroinformativo.com.mx\/index.php?rest_route=\/wp\/v2\/posts"}],"about":[{"href":"https:\/\/encuentroinformativo.com.mx\/index.php?rest_route=\/wp\/v2\/types\/post"}],"author":[{"embeddable":true,"href":"https:\/\/encuentroinformativo.com.mx\/index.php?rest_route=\/wp\/v2\/users\/1"}],"replies":[{"embeddable":true,"href":"https:\/\/encuentroinformativo.com.mx\/index.php?rest_route=%2Fwp%2Fv2%2Fcomments&post=26697"}],"version-history":[{"count":1,"href":"https:\/\/encuentroinformativo.com.mx\/index.php?rest_route=\/wp\/v2\/posts\/26697\/revisions"}],"predecessor-version":[{"id":26699,"href":"https:\/\/encuentroinformativo.com.mx\/index.php?rest_route=\/wp\/v2\/posts\/26697\/revisions\/26699"}],"wp:featuredmedia":[{"embeddable":true,"href":"https:\/\/encuentroinformativo.com.mx\/index.php?rest_route=\/wp\/v2\/media\/26698"}],"wp:attachment":[{"href":"https:\/\/encuentroinformativo.com.mx\/index.php?rest_route=%2Fwp%2Fv2%2Fmedia&parent=26697"}],"wp:term":[{"taxonomy":"category","embeddable":true,"href":"https:\/\/encuentroinformativo.com.mx\/index.php?rest_route=%2Fwp%2Fv2%2Fcategories&post=26697"},{"taxonomy":"post_tag","embeddable":true,"href":"https:\/\/encuentroinformativo.com.mx\/index.php?rest_route=%2Fwp%2Fv2%2Ftags&post=26697"}],"curies":[{"name":"wp","href":"https:\/\/api.w.org\/{rel}","templated":true}]}}