{"id":26703,"date":"2022-05-02T14:31:32","date_gmt":"2022-05-02T19:31:32","guid":{"rendered":"https:\/\/encuentroinformativo.com.mx\/?p=26703"},"modified":"2022-05-02T14:31:36","modified_gmt":"2022-05-02T19:31:36","slug":"defiende-gobernador-iniciativa-de-reforma-electoral","status":"publish","type":"post","link":"https:\/\/encuentroinformativo.com.mx\/?p=26703","title":{"rendered":"Defiende Gobernador iniciativa de Reforma Electoral"},"content":{"rendered":"\n<p>Xalapa, Ver.- El gobernador Cuitl\u00e1huac Garc\u00eda Jim\u00e9nez dijo que en Veracruz se apoya la iniciativa de Reforma Electoral que env\u00edo el presidente Andr\u00e9s Manuel L\u00f3pez Obrador al Congreso de Diputados Federales, dijo que el rechazo a esta propuesta por los consejeros del INE es por la afectaci\u00f3n que har\u00e1 a sus bolsillos.<\/p>\n","protected":false},"excerpt":{"rendered":"<p>Xalapa, Ver.- El gobernador Cuitl\u00e1huac Garc\u00eda Jim\u00e9nez dijo que en Veracruz se apoya la iniciativa de Reforma Electoral que env\u00edo el presidente Andr\u00e9s Manuel L\u00f3pez Obrador al Congreso de Diputados Federales, dijo que el rechazo a esta propuesta por los consejeros del INE es por la afectaci\u00f3n que har\u00e1 a sus bolsillos.<\/p>\n","protected":false},"author":1,"featured_media":26704,"comment_status":"open","ping_status":"open","sticky":false,"template":"","format":"standard","meta":{"_jetpack_memberships_contains_paid_content":false,"footnotes":""},"categories":[2],"tags":[],"class_list":["post-26703","post","type-post","status-publish","format-standard","has-post-thumbnail","hentry","category-estado"],"jetpack_featured_media_url":"https:\/\/encuentroinformativo.com.mx\/wp-content\/uploads\/2022\/05\/03981D66-14C1-4548-87FA-0C86F463BAC7.jpeg","jetpack_sharing_enabled":true,"jetpack_likes_enabled":true,"amp_enabled":true,"_links":{"self":[{"href":"https:\/\/encuentroinformativo.com.mx\/index.php?rest_route=\/wp\/v2\/posts\/26703","targetHints":{"allow":["GET"]}}],"collection":[{"href":"https:\/\/encuentroinformativo.com.mx\/index.php?rest_route=\/wp\/v2\/posts"}],"about":[{"href":"https:\/\/encuentroinformativo.com.mx\/index.php?rest_route=\/wp\/v2\/types\/post"}],"author":[{"embeddable":true,"href":"https:\/\/encuentroinformativo.com.mx\/index.php?rest_route=\/wp\/v2\/users\/1"}],"replies":[{"embeddable":true,"href":"https:\/\/encuentroinformativo.com.mx\/index.php?rest_route=%2Fwp%2Fv2%2Fcomments&post=26703"}],"version-history":[{"count":1,"href":"https:\/\/encuentroinformativo.com.mx\/index.php?rest_route=\/wp\/v2\/posts\/26703\/revisions"}],"predecessor-version":[{"id":26705,"href":"https:\/\/encuentroinformativo.com.mx\/index.php?rest_route=\/wp\/v2\/posts\/26703\/revisions\/26705"}],"wp:featuredmedia":[{"embeddable":true,"href":"https:\/\/encuentroinformativo.com.mx\/index.php?rest_route=\/wp\/v2\/media\/26704"}],"wp:attachment":[{"href":"https:\/\/encuentroinformativo.com.mx\/index.php?rest_route=%2Fwp%2Fv2%2Fmedia&parent=26703"}],"wp:term":[{"taxonomy":"category","embeddable":true,"href":"https:\/\/encuentroinformativo.com.mx\/index.php?rest_route=%2Fwp%2Fv2%2Fcategories&post=26703"},{"taxonomy":"post_tag","embeddable":true,"href":"https:\/\/encuentroinformativo.com.mx\/index.php?rest_route=%2Fwp%2Fv2%2Ftags&post=26703"}],"curies":[{"name":"wp","href":"https:\/\/api.w.org\/{rel}","templated":true}]}}