{"id":26706,"date":"2022-05-02T14:35:29","date_gmt":"2022-05-02T19:35:29","guid":{"rendered":"https:\/\/encuentroinformativo.com.mx\/?p=26706"},"modified":"2022-05-02T14:35:32","modified_gmt":"2022-05-02T19:35:32","slug":"en-el-palacio-legislativo-exposicion-de-dibujo-infantil-y-juvenil-del-ivai","status":"publish","type":"post","link":"https:\/\/encuentroinformativo.com.mx\/?p=26706","title":{"rendered":"En el Palacio Legislativo, exposici\u00f3n de dibujo infantil y juvenil del IVAI"},"content":{"rendered":"\n<p><strong>*Inauguran autoridades del Congreso y del organismo aut\u00f3nomo los trabajos ganadores del concurso de este a\u00f1o.<\/strong><\/p>\n\n\n\n<p>Xalapa, Ver.- El Palacio Legislativo es sede de la exposici\u00f3n de los ganadores del Concurso de Dibujo Infantil y Juvenil \u201cYo me cuido, yo respeto, yo no publico datos personales\u201d 2022, organizado por el Instituto Veracruzano de Acceso a la Informaci\u00f3n y Protecci\u00f3n de Datos Personales (IVAI)<\/p>\n\n\n\n<p>La muestra fue inaugurada, este lunes, por la presidenta del Congreso del Estado, diputada Cecilia Guevara; el presidente de la Junta de Coordinaci\u00f3n Pol\u00edtica (Jucopo), diputado Juan Javier G\u00f3mez Cazar\u00edn; la comisionada presidenta del IVAI, Naldy Patricia Rodr\u00edguez Lagunes, y los comisionados del mismo instituto, David Agust\u00edn Jim\u00e9nez Rojas y Jos\u00e9 Alfredo Corona Liz\u00e1rraga.<\/p>\n\n\n\n<p>Previamente al corte del list\u00f3n inaugural, el Presidente de la Jucopo dijo que esta exposici\u00f3n es \u201cuna muestra del inter\u00e9s que le ponemos en el Congreso del Estado a las ni\u00f1as, ni\u00f1os y adolescentes de Veracruz\u201d.<\/p>\n\n\n\n<p>En nombre de las y los diputados de la LXVI Legislatura, agradeci\u00f3 a la Presidenta del IVAI la oportunidad de conocer la selecci\u00f3n de trabajos que \u201cforma parte de la campa\u00f1a de socializaci\u00f3n que realiza el Instituto, cuyo objetivo es impulsar el conocimiento y reflexi\u00f3n acerca de los riesgos que existen si no se tiene cuidado con la informaci\u00f3n personal que se comparte en internet y redes sociales\u201d.<\/p>\n\n\n\n<p>A su vez, el comisionado Jos\u00e9 Alfredo Corona Liz\u00e1rraga se\u00f1al\u00f3 que la finalidad es advertir a las y los menores y generar conciencia acerca de la importancia de cuidar los datos personales. Al comentar que \u201clos pap\u00e1s y las mam\u00e1s se dan cuenta de que, mediante este tipo de expresiones, se alerta a los ni\u00f1os que deben ser cautelosos\u201d, advirti\u00f3 que el uso de las redes sociales exige responsabilidad, prudencia y cuidado.<\/p>\n\n\n\n<p>El Comisionado del IVAI agradeci\u00f3 el apoyo y la colaboraci\u00f3n de esta Soberan\u00eda para la exposici\u00f3n de dichos trabajos que se presentan por primera vez en este recinto.<\/p>\n\n\n\n<p>Asistieron tambi\u00e9n las diputadas Lourdes Ju\u00e1rez Lara, Illya Dolores Escobar Mart\u00ednez y Gisela L\u00f3pez L\u00f3pez, as\u00ed como los legisladores Marco Antonio Mart\u00ednez Amador y Fernando Arteaga Aponte.<\/p>\n\n\n\n<p>La muestra, que consta de las doce piezas ganadoras del concurso (seis por cada categor\u00eda) en el que participaron 799 dibujos, se encuentra abierta al p\u00fablico desde este lunes 2 hasta el pr\u00f3ximo viernes 6 en la explanada del Palacio Legislativo.<\/p>\n\n\n\n<figure class=\"wp-block-image size-large\"><img loading=\"lazy\" decoding=\"async\" width=\"1024\" height=\"682\" src=\"https:\/\/encuentroinformativo.com.mx\/wp-content\/uploads\/2022\/05\/C59FE6B1-0362-4CF3-8EE6-7BF223A4D2AA-1024x682.jpeg\" alt=\"\" class=\"wp-image-26708\" srcset=\"https:\/\/encuentroinformativo.com.mx\/wp-content\/uploads\/2022\/05\/C59FE6B1-0362-4CF3-8EE6-7BF223A4D2AA-1024x682.jpeg 1024w, https:\/\/encuentroinformativo.com.mx\/wp-content\/uploads\/2022\/05\/C59FE6B1-0362-4CF3-8EE6-7BF223A4D2AA-300x200.jpeg 300w, https:\/\/encuentroinformativo.com.mx\/wp-content\/uploads\/2022\/05\/C59FE6B1-0362-4CF3-8EE6-7BF223A4D2AA-768x512.jpeg 768w, https:\/\/encuentroinformativo.com.mx\/wp-content\/uploads\/2022\/05\/C59FE6B1-0362-4CF3-8EE6-7BF223A4D2AA.jpeg 1280w\" sizes=\"auto, (max-width: 1024px) 100vw, 1024px\" \/><\/figure>\n\n\n\n<h1 class=\"wp-block-heading\"><\/h1>\n","protected":false},"excerpt":{"rendered":"<p>*Inauguran autoridades del Congreso y del organismo aut\u00f3nomo los trabajos ganadores del concurso de este a\u00f1o. Xalapa, Ver.- El Palacio Legislativo es sede de la exposici\u00f3n de los ganadores del Concurso de Dibujo Infantil y Juvenil \u201cYo me cuido, yo respeto, yo no publico datos personales\u201d 2022, organizado por el Instituto Veracruzano de Acceso a [&hellip;]<\/p>\n","protected":false},"author":1,"featured_media":26707,"comment_status":"open","ping_status":"open","sticky":false,"template":"","format":"standard","meta":{"_jetpack_memberships_contains_paid_content":false,"footnotes":""},"categories":[2],"tags":[],"class_list":["post-26706","post","type-post","status-publish","format-standard","has-post-thumbnail","hentry","category-estado"],"jetpack_featured_media_url":"https:\/\/encuentroinformativo.com.mx\/wp-content\/uploads\/2022\/05\/F69D9295-6307-4DFC-B02F-B01FD46618CB.jpeg","jetpack_sharing_enabled":true,"jetpack_likes_enabled":true,"amp_enabled":true,"_links":{"self":[{"href":"https:\/\/encuentroinformativo.com.mx\/index.php?rest_route=\/wp\/v2\/posts\/26706","targetHints":{"allow":["GET"]}}],"collection":[{"href":"https:\/\/encuentroinformativo.com.mx\/index.php?rest_route=\/wp\/v2\/posts"}],"about":[{"href":"https:\/\/encuentroinformativo.com.mx\/index.php?rest_route=\/wp\/v2\/types\/post"}],"author":[{"embeddable":true,"href":"https:\/\/encuentroinformativo.com.mx\/index.php?rest_route=\/wp\/v2\/users\/1"}],"replies":[{"embeddable":true,"href":"https:\/\/encuentroinformativo.com.mx\/index.php?rest_route=%2Fwp%2Fv2%2Fcomments&post=26706"}],"version-history":[{"count":1,"href":"https:\/\/encuentroinformativo.com.mx\/index.php?rest_route=\/wp\/v2\/posts\/26706\/revisions"}],"predecessor-version":[{"id":26709,"href":"https:\/\/encuentroinformativo.com.mx\/index.php?rest_route=\/wp\/v2\/posts\/26706\/revisions\/26709"}],"wp:featuredmedia":[{"embeddable":true,"href":"https:\/\/encuentroinformativo.com.mx\/index.php?rest_route=\/wp\/v2\/media\/26707"}],"wp:attachment":[{"href":"https:\/\/encuentroinformativo.com.mx\/index.php?rest_route=%2Fwp%2Fv2%2Fmedia&parent=26706"}],"wp:term":[{"taxonomy":"category","embeddable":true,"href":"https:\/\/encuentroinformativo.com.mx\/index.php?rest_route=%2Fwp%2Fv2%2Fcategories&post=26706"},{"taxonomy":"post_tag","embeddable":true,"href":"https:\/\/encuentroinformativo.com.mx\/index.php?rest_route=%2Fwp%2Fv2%2Ftags&post=26706"}],"curies":[{"name":"wp","href":"https:\/\/api.w.org\/{rel}","templated":true}]}}