{"id":26710,"date":"2022-05-02T16:39:48","date_gmt":"2022-05-02T21:39:48","guid":{"rendered":"https:\/\/encuentroinformativo.com.mx\/?p=26710"},"modified":"2022-05-02T16:39:51","modified_gmt":"2022-05-02T21:39:51","slug":"ayuntamiento-de-veracruz-promovera-mas-inversion-privada-en-la-ciudad","status":"publish","type":"post","link":"https:\/\/encuentroinformativo.com.mx\/?p=26710","title":{"rendered":"Ayuntamiento de Veracruz promover\u00e1 m\u00e1s inversi\u00f3n privada en la ciudad"},"content":{"rendered":"\n<p><strong>Alejandro \u00c1vila<\/strong><\/p>\n\n\n\n<p>Veracruz, Ver.- La instalaci\u00f3n de la empresa transnacional <em>Constellation Brands<\/em>, ser\u00e1 solo una muestra de que en el municipio de Veracruz se est\u00e1n generando las condiciones para que la iniciativa privada pueda invertir en la ciudad y se logran generar empleos para los veracruzanos, asegur\u00f3 la alcaldesa, Patricia Lobeira Rodr\u00edguez.<\/p>\n\n\n\n<p>La presidenta municipal destac\u00f3 la derrama econ\u00f3mica qu\u00e9 se gener\u00f3 durante la Semana Santa, y aclar\u00f3 que si bien el mes de mayo ser\u00e1 un poco m\u00e1s tranquilo, en junio y julio volver\u00e1n aumentar los n\u00fameros para el sector tur\u00edstico con el Festival de Velas y el Carnaval de Veracruz.<\/p>\n\n\n\n<p>&#8220;Creo que estamos haciendo poco a poco una labor interesante e importante, mostrando Veracruz al mundo para qu\u00e9 la gente venga a invertir a Veracruz y que se pueda generar m\u00e1s empleo, m\u00e1s derrama econ\u00f3mica para todos (\u2026) realmente ha sido muy bueno, seguimos con todos los eventos que hemos tenido constantemente, y vamos a tener aparte dos eventos muy importantes que van a ser Velas Latinoamericanas qu\u00e9 est\u00e1 organizado por la Marina, y de ah\u00ed vamos a tener el Carnaval, que tambi\u00e9n yo creo que eso va a levantar much\u00edsimo, el mes de mayo va a estar relativamente tranquilo, pero vamos a seguir teniendo eventos, y junio y julio van a ser muy buenos meses, yo creo para todos los hoteleros, los restauranteros, y para todas las personas que tienen una relaci\u00f3n con el sector tur\u00edstico&#8221;, apunt\u00f3.<\/p>\n\n\n\n<p>Sobre la nueva mec\u00e1nica implementada este domingo por el D\u00eda del Trabajo, d\u00f3nde se elimin\u00f3 el desfile en el centro de la ciudad y se congregaron todos los sindicatos en la Macroplaza del Malec\u00f3n expuso que, fue una solicitud de los l\u00edderes sindicales, y existe la posibilidad que en a\u00f1os posteriores est\u00e1 sea la nueva forma de celebrar el primero de mayo.<\/p>\n","protected":false},"excerpt":{"rendered":"<p>Alejandro \u00c1vila Veracruz, Ver.- La instalaci\u00f3n de la empresa transnacional Constellation Brands, ser\u00e1 solo una muestra de que en el municipio de Veracruz se est\u00e1n generando las condiciones para que la iniciativa privada pueda invertir en la ciudad y se logran generar empleos para los veracruzanos, asegur\u00f3 la alcaldesa, Patricia Lobeira Rodr\u00edguez. La presidenta municipal [&hellip;]<\/p>\n","protected":false},"author":1,"featured_media":26711,"comment_status":"open","ping_status":"open","sticky":false,"template":"","format":"standard","meta":{"_jetpack_memberships_contains_paid_content":false,"footnotes":""},"categories":[2],"tags":[],"class_list":["post-26710","post","type-post","status-publish","format-standard","has-post-thumbnail","hentry","category-estado"],"jetpack_featured_media_url":"https:\/\/encuentroinformativo.com.mx\/wp-content\/uploads\/2022\/05\/0A7CB7E7-24BB-4326-A604-410BB8ED1B20.jpeg","jetpack_sharing_enabled":true,"jetpack_likes_enabled":true,"amp_enabled":true,"_links":{"self":[{"href":"https:\/\/encuentroinformativo.com.mx\/index.php?rest_route=\/wp\/v2\/posts\/26710","targetHints":{"allow":["GET"]}}],"collection":[{"href":"https:\/\/encuentroinformativo.com.mx\/index.php?rest_route=\/wp\/v2\/posts"}],"about":[{"href":"https:\/\/encuentroinformativo.com.mx\/index.php?rest_route=\/wp\/v2\/types\/post"}],"author":[{"embeddable":true,"href":"https:\/\/encuentroinformativo.com.mx\/index.php?rest_route=\/wp\/v2\/users\/1"}],"replies":[{"embeddable":true,"href":"https:\/\/encuentroinformativo.com.mx\/index.php?rest_route=%2Fwp%2Fv2%2Fcomments&post=26710"}],"version-history":[{"count":1,"href":"https:\/\/encuentroinformativo.com.mx\/index.php?rest_route=\/wp\/v2\/posts\/26710\/revisions"}],"predecessor-version":[{"id":26712,"href":"https:\/\/encuentroinformativo.com.mx\/index.php?rest_route=\/wp\/v2\/posts\/26710\/revisions\/26712"}],"wp:featuredmedia":[{"embeddable":true,"href":"https:\/\/encuentroinformativo.com.mx\/index.php?rest_route=\/wp\/v2\/media\/26711"}],"wp:attachment":[{"href":"https:\/\/encuentroinformativo.com.mx\/index.php?rest_route=%2Fwp%2Fv2%2Fmedia&parent=26710"}],"wp:term":[{"taxonomy":"category","embeddable":true,"href":"https:\/\/encuentroinformativo.com.mx\/index.php?rest_route=%2Fwp%2Fv2%2Fcategories&post=26710"},{"taxonomy":"post_tag","embeddable":true,"href":"https:\/\/encuentroinformativo.com.mx\/index.php?rest_route=%2Fwp%2Fv2%2Ftags&post=26710"}],"curies":[{"name":"wp","href":"https:\/\/api.w.org\/{rel}","templated":true}]}}