{"id":26713,"date":"2022-05-02T17:32:34","date_gmt":"2022-05-02T22:32:34","guid":{"rendered":"https:\/\/encuentroinformativo.com.mx\/?p=26713"},"modified":"2022-05-02T17:32:37","modified_gmt":"2022-05-02T22:32:37","slug":"rinde-diputada-cecilia-guevara-informe-del-primer-receso","status":"publish","type":"post","link":"https:\/\/encuentroinformativo.com.mx\/?p=26713","title":{"rendered":"Rinde diputada Cecilia Guevara informe del Primer Receso"},"content":{"rendered":"\n<p><strong>*Presenta la Presidenta de la Mesa Directiva los logros del periodo comprendido entre el 1 de febrero y el 30 de abril pasado.<\/strong><\/p>\n\n\n\n<p>Xalapa, Ver.- Un reconocimiento a las diputadas y los diputados de la LXVI Legislatura y, en especial, a quienes integran la Junta de Trabajos Legislativos por el di\u00e1logo abierto, democr\u00e1tico y respetuoso que realizan siempre, expres\u00f3 la diputada Cecilia Guevara, al presentar el Informe de Labores de la Diputaci\u00f3n Permanente, que presidi\u00f3 durante el Primer Receso, que comprendi\u00f3 del 1 de febrero al 30 de abril de este a\u00f1o.<\/p>\n\n\n\n<p>En cumplimiento a lo dispuesto en el art\u00edculo 46 de la Ley Org\u00e1nica del Poder Legislativo del Estado de Veracruz, la Diputada dijo que esta Legislatura siempre ha mirado por el bien de Veracruz, haciendo a un lado los colores y siglas partidistas y escuchando todas las voces que enriquece este Congreso. \u201cDesde aqu\u00ed le digo al pueblo de Veracruz que tienen en las y los integrantes de este Poder a representantes populares itinerantes y comprometidos con el estado\u201d, agreg\u00f3.<\/p>\n\n\n\n<p>Respecto al inicio de este Periodo Ordinario de Sesiones, segundo del Primer A\u00f1o de Ejercicio Constitucional, la legisladora reafirm\u00f3 su compromiso de continuar legislando por una justicia social para el estado. \u201cEs un orgullo representar a Veracruz, pero es m\u00e1s un honor servir a Veracruz\u201d, expres\u00f3.<\/p>\n\n\n\n<p>En Tribuna, la Diputada inform\u00f3 que en los tres meses de dicho periodo, la Diputaci\u00f3n Permanente celebr\u00f3 14 sesiones, de las cuales una fue de instalaci\u00f3n, nueve ordinarias, tres extraordinarias y una solemne.<\/p>\n\n\n\n<p>Tras presentar un balance de las asistencias a las sesiones ordinarias, extraordinarias y solemne, destac\u00f3 el alto \u00edndice de participaci\u00f3n y asistencia de las y los diputados, lo cual \u2013consider\u00f3- refleja un verdadero compromiso con Veracruz.<\/p>\n\n\n\n<p>En el periodo que se informa, la Mesa Directiva dio entrada a 15 iniciativas, de las cuales una fue con proyecto de ley, una de C\u00f3digo Hacendario y 13 con proyecto de decreto; de estas \u00faltimas, 10 fueron autor\u00eda de las y los diputados, una del Gobernador del Estado y dos presentadas por ayuntamientos.<\/p>\n\n\n\n<p>Sobre el desahogo de los dict\u00e1menes de las comisiones legislativas, fueron discutidos 96 con proyecto de acuerdo; tres proyectos de punto de acuerdo y se dio tr\u00e1mite a los 13 anteproyectos y un pronunciamiento, presentados por diputadas y diputados.<\/p>\n\n\n\n<p>En cuanto a los asuntos de correspondencia, fueron recibidos 554; de los cuales 507 se turnaron a las comisiones legislativas para su an\u00e1lisis y de las 47 restantes: en 36 la Asamblea se dio por enterada, ocho fueron remitidos a la Junta de Coordinaci\u00f3n Pol\u00edtica, dos a la Junta de Trabajos Legislativos y un asunto fue aprobado, por obvia resoluci\u00f3n.<\/p>\n\n\n\n<p>Asimismo, en sesi\u00f3n solemne, este Congreso entreg\u00f3 a la ciudadana Martha Soledad G\u00f3mez Atzin el Premio Estatal a la Mujer 2022, teniendo la presencia del gobernador del estado, Cuitl\u00e1huac Garc\u00eda Jim\u00e9nez, y de la presidenta del Poder Judicial estatal, magistrada Isabel In\u00e9s Romero Cruz.<\/p>\n\n\n\n<p>Por \u00faltimo, la diputada Cecilia Guevara agradeci\u00f3 el trabajo y disposici\u00f3n de sus hom\u00f3logas Nora J\u00e9ssica Lagunes J\u00e1uregui y Arianna Guadalupe \u00c1ngeles Aguirre, que estuvieron al frente de la Vicepresidencia y Secretar\u00eda, respectivamente, as\u00ed como al resto de diputadas y diputados, titulares o sustitutos, que participaron en este periodo legislativo.<\/p>\n","protected":false},"excerpt":{"rendered":"<p>*Presenta la Presidenta de la Mesa Directiva los logros del periodo comprendido entre el 1 de febrero y el 30 de abril pasado. Xalapa, Ver.- Un reconocimiento a las diputadas y los diputados de la LXVI Legislatura y, en especial, a quienes integran la Junta de Trabajos Legislativos por el di\u00e1logo abierto, democr\u00e1tico y respetuoso [&hellip;]<\/p>\n","protected":false},"author":1,"featured_media":26714,"comment_status":"open","ping_status":"open","sticky":false,"template":"","format":"standard","meta":{"_jetpack_memberships_contains_paid_content":false,"footnotes":""},"categories":[2],"tags":[],"class_list":["post-26713","post","type-post","status-publish","format-standard","has-post-thumbnail","hentry","category-estado"],"jetpack_featured_media_url":"https:\/\/encuentroinformativo.com.mx\/wp-content\/uploads\/2022\/05\/653931F5-5890-429D-8AB4-A13EC58E945F.jpeg","jetpack_sharing_enabled":true,"jetpack_likes_enabled":true,"amp_enabled":true,"_links":{"self":[{"href":"https:\/\/encuentroinformativo.com.mx\/index.php?rest_route=\/wp\/v2\/posts\/26713","targetHints":{"allow":["GET"]}}],"collection":[{"href":"https:\/\/encuentroinformativo.com.mx\/index.php?rest_route=\/wp\/v2\/posts"}],"about":[{"href":"https:\/\/encuentroinformativo.com.mx\/index.php?rest_route=\/wp\/v2\/types\/post"}],"author":[{"embeddable":true,"href":"https:\/\/encuentroinformativo.com.mx\/index.php?rest_route=\/wp\/v2\/users\/1"}],"replies":[{"embeddable":true,"href":"https:\/\/encuentroinformativo.com.mx\/index.php?rest_route=%2Fwp%2Fv2%2Fcomments&post=26713"}],"version-history":[{"count":1,"href":"https:\/\/encuentroinformativo.com.mx\/index.php?rest_route=\/wp\/v2\/posts\/26713\/revisions"}],"predecessor-version":[{"id":26715,"href":"https:\/\/encuentroinformativo.com.mx\/index.php?rest_route=\/wp\/v2\/posts\/26713\/revisions\/26715"}],"wp:featuredmedia":[{"embeddable":true,"href":"https:\/\/encuentroinformativo.com.mx\/index.php?rest_route=\/wp\/v2\/media\/26714"}],"wp:attachment":[{"href":"https:\/\/encuentroinformativo.com.mx\/index.php?rest_route=%2Fwp%2Fv2%2Fmedia&parent=26713"}],"wp:term":[{"taxonomy":"category","embeddable":true,"href":"https:\/\/encuentroinformativo.com.mx\/index.php?rest_route=%2Fwp%2Fv2%2Fcategories&post=26713"},{"taxonomy":"post_tag","embeddable":true,"href":"https:\/\/encuentroinformativo.com.mx\/index.php?rest_route=%2Fwp%2Fv2%2Ftags&post=26713"}],"curies":[{"name":"wp","href":"https:\/\/api.w.org\/{rel}","templated":true}]}}