{"id":26716,"date":"2022-05-02T19:44:24","date_gmt":"2022-05-03T00:44:24","guid":{"rendered":"https:\/\/encuentroinformativo.com.mx\/?p=26716"},"modified":"2022-05-02T19:44:28","modified_gmt":"2022-05-03T00:44:28","slug":"iniciaran-vacunacion-para-menores-de-12-a-17-anos","status":"publish","type":"post","link":"https:\/\/encuentroinformativo.com.mx\/?p=26716","title":{"rendered":"Iniciar\u00e1n vacunaci\u00f3n para menores de 12 a 17 a\u00f1os"},"content":{"rendered":"\n<p><strong>Dar\u00edo Pale<\/strong><\/p>\n\n\n\n<p>Xalapa, Ver.-El secretario de Salud de Veracruz Roberto Ramos Alor dio a conocer que en pr\u00f3ximos d\u00edas inicia la vacunaci\u00f3n para la &#8220;chamacada&#8221;, por lo que ya se preparan para aplicar las vacunas a los menores de 12 a 17 a\u00f1os de edad que no tengan ning\u00fan tipo de comorbilidad.<\/p>\n\n\n\n<p>Anunci\u00f3 que en estos pr\u00f3ximos d\u00edas comenzar\u00e1 la aplicaci\u00f3n de la vacuna, sin precisar una fecha, dijo que quieren terminar de aplicar las dosis a los de 18 a\u00f1os, as\u00ed como los refuerzos de la cuarta dosis.<\/p>\n\n\n\n<p>&#8220;Es importante remarcar que vamos a empezar con la chamacada, a protegerlos, a cuidarlos. Es una poblaci\u00f3n muy variada, pero en las plataformas estaremos dando a conocer, los martes dar\u00e9 los pormenores&#8221;, se\u00f1al\u00f3.<\/p>\n\n\n\n<p>En otro orden de ideas, sobre los Centros de Atenci\u00f3n M\u00e9dica Expandida (CAMEs) dijo que los indicadores para tenerlos abiertos, depend\u00eda de la ocupaci\u00f3n hospitalaria, la mortalidad, la ocupaci\u00f3n en terapia intensiva y los equipos como ventiladores mec\u00e1nicos.<\/p>\n\n\n\n<p>Finalmente inform\u00f3 que, &#8220;como esos indicadores, ya pr\u00e1cticamente se han eliminado, decidimos utilizar todos esos espacios para lo que eran, pero todos los insumos y los equipos m\u00e9dicos, est\u00e1n distribuy\u00e9ndose en nuestros hospitales y, sobre todo, en centros de salud y hospitales comunitarios&#8221;.<\/p>\n","protected":false},"excerpt":{"rendered":"<p>Dar\u00edo Pale Xalapa, Ver.-El secretario de Salud de Veracruz Roberto Ramos Alor dio a conocer que en pr\u00f3ximos d\u00edas inicia la vacunaci\u00f3n para la &#8220;chamacada&#8221;, por lo que ya se preparan para aplicar las vacunas a los menores de 12 a 17 a\u00f1os de edad que no tengan ning\u00fan tipo de comorbilidad. Anunci\u00f3 que en [&hellip;]<\/p>\n","protected":false},"author":1,"featured_media":26717,"comment_status":"open","ping_status":"open","sticky":false,"template":"","format":"standard","meta":{"_jetpack_memberships_contains_paid_content":false,"footnotes":""},"categories":[9],"tags":[],"class_list":["post-26716","post","type-post","status-publish","format-standard","has-post-thumbnail","hentry","category-salud"],"jetpack_featured_media_url":"https:\/\/encuentroinformativo.com.mx\/wp-content\/uploads\/2022\/05\/2B98B7A1-0D06-4A15-9955-2234C1E72727.jpeg","jetpack_sharing_enabled":true,"jetpack_likes_enabled":true,"amp_enabled":true,"_links":{"self":[{"href":"https:\/\/encuentroinformativo.com.mx\/index.php?rest_route=\/wp\/v2\/posts\/26716","targetHints":{"allow":["GET"]}}],"collection":[{"href":"https:\/\/encuentroinformativo.com.mx\/index.php?rest_route=\/wp\/v2\/posts"}],"about":[{"href":"https:\/\/encuentroinformativo.com.mx\/index.php?rest_route=\/wp\/v2\/types\/post"}],"author":[{"embeddable":true,"href":"https:\/\/encuentroinformativo.com.mx\/index.php?rest_route=\/wp\/v2\/users\/1"}],"replies":[{"embeddable":true,"href":"https:\/\/encuentroinformativo.com.mx\/index.php?rest_route=%2Fwp%2Fv2%2Fcomments&post=26716"}],"version-history":[{"count":1,"href":"https:\/\/encuentroinformativo.com.mx\/index.php?rest_route=\/wp\/v2\/posts\/26716\/revisions"}],"predecessor-version":[{"id":26718,"href":"https:\/\/encuentroinformativo.com.mx\/index.php?rest_route=\/wp\/v2\/posts\/26716\/revisions\/26718"}],"wp:featuredmedia":[{"embeddable":true,"href":"https:\/\/encuentroinformativo.com.mx\/index.php?rest_route=\/wp\/v2\/media\/26717"}],"wp:attachment":[{"href":"https:\/\/encuentroinformativo.com.mx\/index.php?rest_route=%2Fwp%2Fv2%2Fmedia&parent=26716"}],"wp:term":[{"taxonomy":"category","embeddable":true,"href":"https:\/\/encuentroinformativo.com.mx\/index.php?rest_route=%2Fwp%2Fv2%2Fcategories&post=26716"},{"taxonomy":"post_tag","embeddable":true,"href":"https:\/\/encuentroinformativo.com.mx\/index.php?rest_route=%2Fwp%2Fv2%2Ftags&post=26716"}],"curies":[{"name":"wp","href":"https:\/\/api.w.org\/{rel}","templated":true}]}}