{"id":26719,"date":"2022-05-02T19:48:29","date_gmt":"2022-05-03T00:48:29","guid":{"rendered":"https:\/\/encuentroinformativo.com.mx\/?p=26719"},"modified":"2022-05-02T19:48:32","modified_gmt":"2022-05-03T00:48:32","slug":"cambiaran-desfiles-por-eventos-civicos","status":"publish","type":"post","link":"https:\/\/encuentroinformativo.com.mx\/?p=26719","title":{"rendered":"Cambiar\u00e1n desfiles por eventos c\u00edvicos"},"content":{"rendered":"\n<p><strong>Dar\u00edo Pale <\/strong><\/p>\n\n\n\n<p>Xalapa, Ver.- El gobernador del estado Cuitl\u00e1huac Garc\u00eda Jim\u00e9nez dio a conocer que el pr\u00f3ximo d\u00eda 5 de mayo no habr\u00e1 desfile conmemorativo de la Batalla de Puebla en Veracruz.<\/p>\n\n\n\n<p>En conferencia de prensa se\u00f1al\u00f3 que en lugar del desfile realizar\u00e1n eventos c\u00edvicos en las distintas instituciones educativas y en las plazas p\u00fablicas, \u201cle voy a comentar hoy a secretario de Educaci\u00f3n que mi propuesta es que no se realice el desfile, pero que s\u00ed se realicen eventos c\u00edvicos en todas las plazas educativas&#8221;.<\/p>\n\n\n\n<p>&#8220;En las instituciones, lo hagamos en recordatorio a esta important\u00edsima batalla patri\u00f3tica que encabez\u00f3 el general Ignacio Zaragoza porque adem\u00e1s est\u00e1 dentro del contexto hist\u00f3rico que involucra a Veracruz\u201d, coment\u00f3.<\/p>\n\n\n\n<p>El mandatario estatal destac\u00f3 la importancia de recordar la defensa del pa\u00eds contra la invasi\u00f3n francesa y el legado de Benito Ju\u00e1rez.<\/p>\n\n\n\n<p>\u201cVamos a celebrar actos c\u00edvicos, en las escuelas y en las plazas donde podamos recordar esta batalla hist\u00f3rica\u201d, se\u00f1al\u00f3.<\/p>\n\n\n\n<p>Record\u00f3 que en Veracruz se dieron acontecimientos importantes como los Tratados de Soledad, en Soledad de Doblado en el a\u00f1o de 1862 con los que se acord\u00f3 con Francia, Inglaterra, Espa\u00f1a y M\u00e9xico que se retiraran de nuestro territorio.<\/p>\n\n\n\n<p>Por \u00faltimo cabe recordar que este a\u00f1o regresaron los desfiles c\u00edvicos este domingo con motivo del D\u00eda del Trabajo aunque con poco m\u00e1s de la mitad de los asistentes con los que se realizaba en a\u00f1os anteriores y que se suspendieron desde el 2020 con motivo de la pandemia por COVID-19.<\/p>\n","protected":false},"excerpt":{"rendered":"<p>Dar\u00edo Pale Xalapa, Ver.- El gobernador del estado Cuitl\u00e1huac Garc\u00eda Jim\u00e9nez dio a conocer que el pr\u00f3ximo d\u00eda 5 de mayo no habr\u00e1 desfile conmemorativo de la Batalla de Puebla en Veracruz. En conferencia de prensa se\u00f1al\u00f3 que en lugar del desfile realizar\u00e1n eventos c\u00edvicos en las distintas instituciones educativas y en las plazas p\u00fablicas, [&hellip;]<\/p>\n","protected":false},"author":1,"featured_media":26637,"comment_status":"open","ping_status":"open","sticky":false,"template":"","format":"standard","meta":{"_jetpack_memberships_contains_paid_content":false,"footnotes":""},"categories":[2],"tags":[],"class_list":["post-26719","post","type-post","status-publish","format-standard","has-post-thumbnail","hentry","category-estado"],"jetpack_featured_media_url":"https:\/\/encuentroinformativo.com.mx\/wp-content\/uploads\/2022\/05\/F543EB5A-AE72-4368-B70E-A63E97E46685.jpeg","jetpack_sharing_enabled":true,"jetpack_likes_enabled":true,"amp_enabled":true,"_links":{"self":[{"href":"https:\/\/encuentroinformativo.com.mx\/index.php?rest_route=\/wp\/v2\/posts\/26719","targetHints":{"allow":["GET"]}}],"collection":[{"href":"https:\/\/encuentroinformativo.com.mx\/index.php?rest_route=\/wp\/v2\/posts"}],"about":[{"href":"https:\/\/encuentroinformativo.com.mx\/index.php?rest_route=\/wp\/v2\/types\/post"}],"author":[{"embeddable":true,"href":"https:\/\/encuentroinformativo.com.mx\/index.php?rest_route=\/wp\/v2\/users\/1"}],"replies":[{"embeddable":true,"href":"https:\/\/encuentroinformativo.com.mx\/index.php?rest_route=%2Fwp%2Fv2%2Fcomments&post=26719"}],"version-history":[{"count":1,"href":"https:\/\/encuentroinformativo.com.mx\/index.php?rest_route=\/wp\/v2\/posts\/26719\/revisions"}],"predecessor-version":[{"id":26720,"href":"https:\/\/encuentroinformativo.com.mx\/index.php?rest_route=\/wp\/v2\/posts\/26719\/revisions\/26720"}],"wp:featuredmedia":[{"embeddable":true,"href":"https:\/\/encuentroinformativo.com.mx\/index.php?rest_route=\/wp\/v2\/media\/26637"}],"wp:attachment":[{"href":"https:\/\/encuentroinformativo.com.mx\/index.php?rest_route=%2Fwp%2Fv2%2Fmedia&parent=26719"}],"wp:term":[{"taxonomy":"category","embeddable":true,"href":"https:\/\/encuentroinformativo.com.mx\/index.php?rest_route=%2Fwp%2Fv2%2Fcategories&post=26719"},{"taxonomy":"post_tag","embeddable":true,"href":"https:\/\/encuentroinformativo.com.mx\/index.php?rest_route=%2Fwp%2Fv2%2Ftags&post=26719"}],"curies":[{"name":"wp","href":"https:\/\/api.w.org\/{rel}","templated":true}]}}