{"id":26721,"date":"2022-05-02T19:56:55","date_gmt":"2022-05-03T00:56:55","guid":{"rendered":"https:\/\/encuentroinformativo.com.mx\/?p=26721"},"modified":"2022-05-02T19:56:58","modified_gmt":"2022-05-03T00:56:58","slug":"presentan-libro-transformaciones-y-continuidades-en-tiempos-de-la-4t","status":"publish","type":"post","link":"https:\/\/encuentroinformativo.com.mx\/?p=26721","title":{"rendered":"Presentan libro \u201cTransformaciones y Continuidades en Tiempos de la 4T\u201d"},"content":{"rendered":"\n<p><strong>Juan Arcos<\/strong><\/p>\n\n\n\n<p>Xalapa, Ver.- El libro \u201cTransformaciones y Continuidades en Tiempos de la 4T\u201d fue presentado en el auditorio Gonzalo Aguirre Beltr\u00e1n del Instituto de Investigaciones Hist\u00f3rico Sociales de la Universidad Veracruzana (IIHS-UV).<\/p>\n\n\n\n<p>El evento se llev\u00f3 a cabo este lunes 2 de mayo, con la participaci\u00f3n de los acad\u00e9micos V\u00edctor Manuel Andrade Guevara y Efra\u00edn Qui\u00f1onez Le\u00f3n, del Instituto de Investigaciones Hist\u00f3rico Sociales de la UV, as\u00ed como Eirinet G\u00f3mez L\u00f3pez, periodista de La Jornada y AVCNoticias, y la acad\u00e9mica Mar\u00eda Magdalena Sam, en representaci\u00f3n de Tania Mart\u00ednez Cardenas, del Centro de Investigaciones Interdisciplinarias sobre el Desarrollo Regional (CIISDER) de la Universidad Aut\u00f3noma de Tlaxcala.<\/p>\n\n\n\n<p>Eirinet G\u00f3mez record\u00f3 que los textos est\u00e1n organizados bajo cuatro ejes tem\u00e1ticos: Democracia y Estado de Derecho, Pobreza y Marginaci\u00f3n, Pol\u00edticas P\u00fablicas, y Procesos Electorales. En cada uno, los autores presentan una suerte de balance sobre lo que ha sido el gobierno de la Cuarta Transformaci\u00f3n.<\/p>\n\n\n\n<p>El libro fue editado por la Universidad Aut\u00f3noma de Tlaxcala y ofrece temas relacionados con los logros y limitaciones del gobierno de la Cuarta Transformaci\u00f3n en Veracruz y Tlaxcala, durante los primeros dos a\u00f1os del presidente Andr\u00e9s Manuel L\u00f3pez Obrador.<\/p>\n\n\n\n<p>\u201cLo que abre el libro es un texto, denominado: erosi\u00f3n, elementos del r\u00e9gimen autoritario de la 4T, de la autor\u00eda del doctor Jos\u00e9 Galindo, quien ha desarrollo toda una l\u00ednea de investigaci\u00f3n sobre el capitalismo y que hace un planteamiento te\u00f3rico sobre el concepto de la democracia\u201d, a\u00f1adi\u00f3 la periodista.<\/p>\n\n\n\n<p>En el apartado \u201cDemocracia y Estado de Derecho\u201d se muestran los desaf\u00edos institucionales para garantizar el acceso a la justicia y el combate a la corrupci\u00f3n. Mientras que en el eje \u201cPobreza y Migraci\u00f3n\u201d se delinean las principales coordenadas de una econom\u00eda convertida en una \u201cf\u00e1brica de pobres\u201d.<\/p>\n\n\n\n<p>La comunicadora habl\u00f3 de una descomposici\u00f3n del Poder Judicial en el Estado de Veracruz y sus cuestionados manejos en materia administrativa que han ocasionado un \u201cdesaseo en la justicia\u201d.<\/p>\n\n\n\n<p>\u201cPensaba en el caso de Pilar de Arg\u00fcello, esta familia de esta mujer que fue v\u00edctima de feminicidio en 2012 y cuyo caso fue llevado a la CEDAW, esta familia tuvo que presentar una queja en la Comisi\u00f3n Estatal de Derechos Humanos porque al acudir ante la actual presidenta recibi\u00f3 un trato revictimizante, agresivo y clasista\u201d, agreg\u00f3.<\/p>\n\n\n\n<p>Eirinet G\u00f3mez tambi\u00e9n critic\u00f3 al Congreso de Veracruz por aprobar una reforma para modificar el delito de ultrajes a la autoridad, que tambi\u00e9n fue considerado inconstitucional por la Suprema Corte de Justicia de la Naci\u00f3n (SCJN).<\/p>\n\n\n\n<p>Por la relevancia acad\u00e9mica de este libro, tambi\u00e9n ser\u00e1 presentado el viernes 6 de mayo, a las 18:00 horas, en la Casa de la Cultura de Coatepec.<\/p>\n\n\n\n<figure class=\"wp-block-image size-large\"><img loading=\"lazy\" decoding=\"async\" width=\"1024\" height=\"623\" src=\"https:\/\/encuentroinformativo.com.mx\/wp-content\/uploads\/2022\/05\/4D06A67D-C489-4383-AA82-C4FACF2F7794-1024x623.jpeg\" alt=\"\" class=\"wp-image-26724\" srcset=\"https:\/\/encuentroinformativo.com.mx\/wp-content\/uploads\/2022\/05\/4D06A67D-C489-4383-AA82-C4FACF2F7794-1024x623.jpeg 1024w, https:\/\/encuentroinformativo.com.mx\/wp-content\/uploads\/2022\/05\/4D06A67D-C489-4383-AA82-C4FACF2F7794-300x183.jpeg 300w, https:\/\/encuentroinformativo.com.mx\/wp-content\/uploads\/2022\/05\/4D06A67D-C489-4383-AA82-C4FACF2F7794-768x467.jpeg 768w, https:\/\/encuentroinformativo.com.mx\/wp-content\/uploads\/2022\/05\/4D06A67D-C489-4383-AA82-C4FACF2F7794.jpeg 1374w\" sizes=\"auto, (max-width: 1024px) 100vw, 1024px\" \/><\/figure>\n","protected":false},"excerpt":{"rendered":"<p>Juan Arcos Xalapa, Ver.- El libro \u201cTransformaciones y Continuidades en Tiempos de la 4T\u201d fue presentado en el auditorio Gonzalo Aguirre Beltr\u00e1n del Instituto de Investigaciones Hist\u00f3rico Sociales de la Universidad Veracruzana (IIHS-UV). El evento se llev\u00f3 a cabo este lunes 2 de mayo, con la participaci\u00f3n de los acad\u00e9micos V\u00edctor Manuel Andrade Guevara y [&hellip;]<\/p>\n","protected":false},"author":1,"featured_media":26723,"comment_status":"open","ping_status":"open","sticky":false,"template":"","format":"standard","meta":{"_jetpack_memberships_contains_paid_content":false,"footnotes":""},"categories":[3],"tags":[],"class_list":["post-26721","post","type-post","status-publish","format-standard","has-post-thumbnail","hentry","category-xalapa"],"jetpack_featured_media_url":"https:\/\/encuentroinformativo.com.mx\/wp-content\/uploads\/2022\/05\/75BE8D85-5DE1-4691-A134-E7910C91DAAB.jpeg","jetpack_sharing_enabled":true,"jetpack_likes_enabled":true,"amp_enabled":true,"_links":{"self":[{"href":"https:\/\/encuentroinformativo.com.mx\/index.php?rest_route=\/wp\/v2\/posts\/26721","targetHints":{"allow":["GET"]}}],"collection":[{"href":"https:\/\/encuentroinformativo.com.mx\/index.php?rest_route=\/wp\/v2\/posts"}],"about":[{"href":"https:\/\/encuentroinformativo.com.mx\/index.php?rest_route=\/wp\/v2\/types\/post"}],"author":[{"embeddable":true,"href":"https:\/\/encuentroinformativo.com.mx\/index.php?rest_route=\/wp\/v2\/users\/1"}],"replies":[{"embeddable":true,"href":"https:\/\/encuentroinformativo.com.mx\/index.php?rest_route=%2Fwp%2Fv2%2Fcomments&post=26721"}],"version-history":[{"count":1,"href":"https:\/\/encuentroinformativo.com.mx\/index.php?rest_route=\/wp\/v2\/posts\/26721\/revisions"}],"predecessor-version":[{"id":26725,"href":"https:\/\/encuentroinformativo.com.mx\/index.php?rest_route=\/wp\/v2\/posts\/26721\/revisions\/26725"}],"wp:featuredmedia":[{"embeddable":true,"href":"https:\/\/encuentroinformativo.com.mx\/index.php?rest_route=\/wp\/v2\/media\/26723"}],"wp:attachment":[{"href":"https:\/\/encuentroinformativo.com.mx\/index.php?rest_route=%2Fwp%2Fv2%2Fmedia&parent=26721"}],"wp:term":[{"taxonomy":"category","embeddable":true,"href":"https:\/\/encuentroinformativo.com.mx\/index.php?rest_route=%2Fwp%2Fv2%2Fcategories&post=26721"},{"taxonomy":"post_tag","embeddable":true,"href":"https:\/\/encuentroinformativo.com.mx\/index.php?rest_route=%2Fwp%2Fv2%2Ftags&post=26721"}],"curies":[{"name":"wp","href":"https:\/\/api.w.org\/{rel}","templated":true}]}}