{"id":26730,"date":"2022-05-03T09:15:08","date_gmt":"2022-05-03T14:15:08","guid":{"rendered":"https:\/\/encuentroinformativo.com.mx\/?p=26730"},"modified":"2022-05-03T09:15:11","modified_gmt":"2022-05-03T14:15:11","slug":"de-cuando-sales-avante-del-desastre-financiero","status":"publish","type":"post","link":"https:\/\/encuentroinformativo.com.mx\/?p=26730","title":{"rendered":"DE CUANDO SALES AVANTE DEL DESASTRE FINANCIERO"},"content":{"rendered":"\n<p><strong>ColumnaSinNombre<br>@pablojair<\/strong><\/p>\n\n\n\n<ul class=\"wp-block-list\"><li>\u00bfNo pod\u00eda aceptar que se le pasaron los tragos?<\/li><li>El tren de Coatzacoalcos a Palenque.<\/li><li>Zenyazen con periodistas y palomita de la Federaci\u00f3n.<\/li><\/ul>\n\n\n\n<p>Veo un M\u00e9xico con sed\u2026 de la mala<br>\u2014Colosio Chiquito<\/p>\n\n\n\n<p>Una de las buenas noticias que en las \u00faltimas horas cacare\u00f3 el Gobierno de Veracruz es la calificaci\u00f3n crediticia que vuelve a poner a la entidad como una de las m\u00e1s confiables en el pa\u00eds.<\/p>\n\n\n\n<p>Y es que este lunes, en conferencia de prensa desde Palacio de Gobierno (algo as\u00ed como \u201cla media-ma\u00f1anera\u201d, pero en versi\u00f3n Veracruz), el gobernador Cuitl\u00e1huac Garc\u00eda Jim\u00e9nez dio a conocer que la firma internacional HR Ratings hab\u00eda ascendido la calificaci\u00f3n de BBB+ de Estable a Positiva, siendo la primera calificaci\u00f3n del a\u00f1o para Veracruz, que adem\u00e1s es muy buena noticia.<\/p>\n\n\n\n<p>Para ponerlo m\u00e1s claro: haga de cuenta que la escala de calificaci\u00f3n es del 0 al 11; Veracruz se encuentra en 9.5 actualmente.<\/p>\n\n\n\n<p>Esto significa que Veracruz est\u00e1 mejorando much\u00edsimo en sus finanzas y ese es precisamente el gran problema que se ha venido arrastrando desde al menos la administraci\u00f3n de Miguel Alem\u00e1n Velasco (1998-2004), cuando se comenzaron a dejar deudas pendientes a la siguiente administraci\u00f3n, misma que crecieron en los periodos de Fidel Herrera (2004-2010) y Javier Duarte (2010-2016).<\/p>\n\n\n\n<p>Fue el secretario de Finanzas, Jos\u00e9 Luis Lima Franco, quien explic\u00f3 a detalle el tema y present\u00f3 una gr\u00e1fica muy contundente de c\u00f3mo han estado las calificaciones financieras en los \u00faltimos a\u00f1os: en el \u00faltimo de Javier Duarte todav\u00eda Veracruz ten\u00eda \u2014extra\u00f1amente, si me permite apuntarlo\u2014 una de las mejores calificaciones: A- (algo as\u00ed como 10), pero al siguiente a\u00f1o (2017) se dio la debacle por el despapaye que dej\u00f3 el hoy interno del Reclusorio Norte.<\/p>\n\n\n\n<p>Y es que para nada fue secreto que en los \u00faltimos meses de la administraci\u00f3n duartista comenzaron los problemas para el exgobernador cuando alcaldes, constructores, proveedores y prestadores de servicios comenzaron a reclamar adeudos pendientes; la situaci\u00f3n lleg\u00f3 a una etapa cr\u00edtica cuando Duarte pidi\u00f3 licencia, entr\u00f3 al relevo Flavino R\u00edos Alvarado, y a \u00e9ste los alcaldes de oposici\u00f3n le tomaron el Palacio de Gobierno a pesar de que tuvo reuniones previas para pedirles paciencia y explicarles la situaci\u00f3n.<\/p>\n\n\n\n<p>El problema fue que la toma se convirti\u00f3 en show pol\u00edtico: de ser una causa justa de alcaldes a los que les deb\u00edan, se transform\u00f3 en el escenario para que el entonces gobernador electo Miguel \u00c1ngel Yunes Linares impulsara a su hijo Miguel Yunes M\u00e1rquez como futuro candidato a sucederlo en el Poder Ejecutivo. Yunes sab\u00eda que no hab\u00eda dinero, pero mantuvo la protesta a manera de seguirle sacando raja pol\u00edtica al asunto.<\/p>\n\n\n\n<p>De hecho, estando Yunes en su minigubernatura (2016-2018) la situaci\u00f3n de adeudos con Ayuntamientos no se resolvi\u00f3; tanto as\u00ed que el actual gobierno morenista es el que ha estado sufragando esos gastos pendientes.<\/p>\n\n\n\n<p>En la gr\u00e1fica presentada por Lima Franco, se detalla que el peor escenario financiero para Veracruz fue en 2017: de A- pas\u00f3 a B-, seg\u00fan la calificadora Moody\u2019s. En t\u00e9rminos m\u00e1s coloquiales, Veracruz estaba en 10, pero pas\u00f3 a calificaci\u00f3n de 1. Al a\u00f1o siguiente, en 2018, pas\u00f3 a B (lo que ser\u00eda un 2) y hasta ah\u00ed lleg\u00f3 el gobierno de Miguel \u00c1ngel Yunes Linares, que por el poco tiempo y por estar m\u00e1s dedicado a dejar a su chilpayate en la silla de Palacio de Gobierno, no pudo hacer pr\u00e1cticamente nada.<\/p>\n\n\n\n<p>Dicen los chismosos que en una de esas Duarte le aplic\u00f3 toda la maldad de s\u00f3lo darle chance de gobernar s\u00f3lo dos a\u00f1os con un estado hecho a\u00f1icos. Una especie de venganza medio planeada. La verdad es que Yunes no ten\u00eda margen de operar, as\u00ed como tampoco lo tuvo la administraci\u00f3n duartista al final de su periodo, cuando hab\u00eda perdido la confianza de todos y lo abandon\u00f3 hasta el presidente Enrique Pe\u00f1a Nieto, de quien se dec\u00eda su amigo.<\/p>\n\n\n\n<p>Esa maldita herencia financiera alguien ten\u00eda que tomarla como al toro por los cuernos. En el gobierno de Cuitl\u00e1huac han decidido sanear las finanzas pagando los adeudos a sabiendas de que no son broncas que ellos crearon. Que las deudas son institucionales, no personales, pero adem\u00e1s hubiese sido una gran irresponsabilidad dejar que creciera y se dejara a la siguiente administraci\u00f3n sin tomar siquiera las medidas para comenzar a pagar lo que se debe.<\/p>\n\n\n\n<p>La calificaci\u00f3n crediticia de Veracruz creci\u00f3 en 2019 justamente cuando se decidieron tomar medidas como liquidar adeudos como el que se ten\u00eda con la Universidad Veracruzana, que ni Duarte ni Yunes buscaron resolver. Ah\u00ed Veracruz pas\u00f3 de B a BBB o BBB+ (de 2 a 8 o 9, dependiendo de la calificadora).<\/p>\n\n\n\n<p>Lima Franco destac\u00f3, en este sentido, sobre la disminuci\u00f3n de los pasivos, adem\u00e1s de la lucha contra la corrupci\u00f3n, la honestidad y la austeridad, y las cuentas de orden que se han ido pagando y depurando.<\/p>\n\n\n\n<p>De igual manera, dijo que se espera la calificaci\u00f3n de las calificadoras Moody\u2019s y Fitch, las cuales mantienen la calificaci\u00f3n en BBB^P y BBB+\u00ca (como un 8 u 8.5), respectivamente. Abund\u00f3 que se espera para el pr\u00f3ximo a\u00f1o Veracruz la calificaci\u00f3n A (en el rango de 10 y 11), colocando a la entidad con la \u00f3ptima calificaci\u00f3n crediticia.<\/p>\n\n\n\n<p>En resumen, se puede decir que el Gobierno de Veracruz ya no est\u00e1 en la crisis financiera que tuvo hace unos a\u00f1os; ahora la deuda es manejable, se est\u00e1n pagando los pendientes y se hace un an\u00e1lisis concienzudo de qui\u00e9nes son realmente los acreedores. La pol\u00edtica de recorte de salarios, de gastos onerosos, ha sido tambi\u00e9n un factor que, sin duda, ha ayudado mucho.<\/p>\n\n\n\n<p>La nueva calificaci\u00f3n crediticia no debe minimizarse; el manejo de las finanzas en este gobierno ha sido lo m\u00e1s destacado, teniendo en cuenta el problem\u00f3n que significaban hace apenas unos a\u00f1os atr\u00e1s.<\/p>\n\n\n\n<p><strong>NOTA PARA PEGAR EN EL REFRI: <\/strong>Vaya borrachera la que tra\u00eda el alcalde de Monterrey, Luis Donaldo Colosio Jr., luego de que fue exhibido en pleno estado de ebriedad presidiendo una sesi\u00f3n de Cabildo de manera virtual\u2026 Para los que tenemos a\u00f1os en eso de las bohemias (y las Tecates y las Negras Modelo y las Victorias), no se les puede enga\u00f1ar: la forma desorientada de actuar, las palabras arrastradas y el comportamiento err\u00e1tico en general que lo atribu\u00eda a una \u201cfalla t\u00e9cnica\u201d de sus equipos\u2026 Lo peor de todo no fue eso que podr\u00eda haber quedado en una simple an\u00e9cdota, sino la manera en que lo manej\u00f3: sali\u00f3 horas despu\u00e9s el hijo del m\u00e1rtir pri\u00edsta a decir que no estaba ebrio cuando ya todo mundo juzg\u00f3 su evidente actuar y no hab\u00eda manera de justificarlo\u2026 \u00bfQu\u00e9 le costaba ofrecer disculpas? \u00bfQue le costaba decir que efectivamente se le hab\u00edan pasado las copas y que no volver\u00eda a suceder?\u2026 Mire, ya hubo un caso un caso peor cuando el entonces gobernador de Jalisco, Emilio Gonz\u00e1lez, en estado de ebriedad, dio un discurso lleno de mentadas de madre. En ese entonces, el panista pidi\u00f3 perd\u00f3n, pero su comportamiento qued\u00f3 grabado y exhibido ante la opini\u00f3n p\u00fablica nacional\u2026 Otro que tambi\u00e9n vio caer su carrera pol\u00edtica fue Eduardo Andrade S\u00e1nchez, quien todo beodo entr\u00f3 a un programa en vivo transmitido por Televisa a hacer esc\u00e1ndalo, justo cuando el PRI perd\u00eda la Presidencia de la Rep\u00fablica con el triunfo de Vicente Fox\u2026 A Colosio Junior se le ha manejado como el probable candidato de la megacoalici\u00f3n McPRIANRD, pero ahora ya comienzan a verse las se\u00f1ales de que una cosa es el apellido y la figura del padre, y otra muy distinta es el hijo que se va a Nueva York \u2014seg\u00fan versiones period\u00edsticas\u2014 a ponerse una pedota y pasar verg\u00fcenzas en una sesi\u00f3n oficial de Cabildo\u2026 Por cierto \u00bfy qu\u00e9 hac\u00eda en Nueva York? \u00bfQu\u00e9 no hay broncas qu\u00e9 resolver en Monterrey, Nuevo Le\u00f3n? \u00bfA poco no ven los problemas de falta de agua y feminicidios?\u2026 Debe ser que Colosio, como el gobernador, viven s\u00f3lo en el mundo virtual de las redes sociales donde todo mundo puede ser payaso y la realidad es s\u00f3lo ficticia y manipulable.<\/p>\n\n\n\n<p><strong>OTRA NOTA: <\/strong>En una entrevista de hace algunas d\u00e9cadas, el desaparecido maestro de artes pl\u00e1sticas Francisco Toledo contaba que cuando era ni\u00f1o disfrutaba mucho de viajar en tren desde su natal Juchit\u00e1n, Oaxaca, hasta Minatitl\u00e1n, Veracruz, viendo c\u00f3mo cambiaba el paisaje \u00e1rido a selv\u00e1tico\u2026 Hace algunos a\u00f1os, el maestro de fotograf\u00eda, Brizio Mart\u00ednez, nos contaba en la universidad que hizo una sesi\u00f3n para la portada de un disco de un artista local en un vag\u00f3n de pasajeros que encontraron curiosamente en la estaci\u00f3n de Coatzacoalcos. Lo sorprendente es que para esas fechas ya Coatza no contaba con trenes de pasajeros, pero de pura chiripa encontraron dicho carro tipo Pullman\u2026 De hecho, en esos tiempos universitarios de inicios del 98, se sab\u00eda que ya no hab\u00eda trenes de pasajeros en Veracruz, ni siquiera el que conectaba con el de la Ciudad de M\u00e9xico y todo era de carga\u2026 Lo anterior viene a la memoria porque este fin de semana el presidente Andr\u00e9s Manuel L\u00f3pez Obrador volvi\u00f3 a anunciar que se rehabilitar\u00e1 la estaci\u00f3n de Coatzacoalcos para que haga entronque con Palenque, Chiapas (uno de los lugares m\u00e1s chidos de M\u00e9xico; vis\u00edtelo, plis) para conectarse con el ya famoso y pol\u00e9mico Tren Maya que ahora resulta es un \u201catentado\u201d para los ambientalistas de ocasi\u00f3n\u2026 La verdad es que el tren deber\u00eda renacer como una opci\u00f3n para el movimiento de pasajeros, tomando en cuenta que el sureste s\u00f3lo est\u00e1 acaparado por una sola l\u00ednea de autobuses, el nefasto ADO\u2026 La inversi\u00f3n, seg\u00fan el \u201cpreciso\u201d, ser\u00e1 de 30 mil millones de pesos.<\/p>\n\n\n\n<p><strong>LA \u00daLTIMA PORQUE YA SE FUE AL CARAJO LA GRIPA Y DORMIR EN SANTA PAZ:<\/strong> El pasado viernes 29 de abril el titular de la Secretar\u00eda de Educaci\u00f3n de Veracruz (SEV), Zenyazen Escobar Garc\u00eda, tuvo una comida con representantes de los medios de comunicaci\u00f3n del puerto de Veracruz, hecho que se le reconoce pues es uno de los pocos secretarios de despacho que desde sus tiempos como diputado local acostumbra este tipo de convivencias\u2026 Fuera de protocolos, Zenyazen Escobar comparti\u00f3 el pan y la sal con el gremio period\u00edstico, lo que le sirvi\u00f3 para recargar energ\u00edas y retomar actividades el domingo 1 de mayo en la conmemoraci\u00f3n del \u201cD\u00eda del Trabajo\u201d, al acompa\u00f1ar al gobernador Cuitl\u00e1huac Garc\u00eda Jim\u00e9nez, a presenciar el desfile en la capital del estado, donde estuvo atento a las peticiones de los trabajadores del sector educativo\u2026 Pues bien, como no iba a estar contento Zenyazen Escobar si el jueves 28 de abril, justo un d\u00eda antes de la convivencia con los medios de comunicaci\u00f3n, se realiz\u00f3 la presentaci\u00f3n de los indicadores educativos 2021, de la Comisi\u00f3n Nacional para la Mejora Continua (MEJOREDU) de la Secretar\u00eda de Educaci\u00f3n P\u00fablica (SEP), donde a pesar de la pandemia por Covid-19, Veracruz tuvo resultados positivos\u2026 Se analizaron los indicadores de ingreso, permanencia, trayectoria e impacto de la educaci\u00f3n veracruzana por nivel, tipo educativo y servicio, en los que se tuvo avances significativos\u2026 Hoy por hoy, Veracruz se ubica entre los 10 primeros estados del pa\u00eds en desempe\u00f1o educativo, gracias al trabajo colaborativo entre las autoridades educativas, personal docente, madres y padres de familia, al impactar directamente en la ense\u00f1anza de los estudiantes de los diferentes niveles. Adem\u00e1s, es uno de los estados con el mayor n\u00famero de escuelas abiertas que imparten clases presenciales, luego de dos a\u00f1os de pandemia\u2026 Escobar Garc\u00eda se congratul\u00f3 porque hoy las cifras son reales, no se &#8220;maquillan&#8221; como acostumbraban autoridades anteriores para presumir avances, cuando no hab\u00eda tales\u2026No hay que olvidar que cuando Zenyazen Escobar tom\u00f3 las riendas de la SEV, encontr\u00f3 que se encontraba en los \u00faltimos lugares de desempe\u00f1o acad\u00e9mico y primeros en corrupci\u00f3n\u2026 Vaya, recu\u00e9rdese que hasta el anterior titular, Enrique P\u00e9rez, hasta plaza de maestro se hab\u00eda adjudicado el angelito.<\/p>\n","protected":false},"excerpt":{"rendered":"<p>ColumnaSinNombre@pablojair \u00bfNo pod\u00eda aceptar que se le pasaron los tragos? El tren de Coatzacoalcos a Palenque. Zenyazen con periodistas y palomita de la Federaci\u00f3n. Veo un M\u00e9xico con sed\u2026 de la mala\u2014Colosio Chiquito Una de las buenas noticias que en las \u00faltimas horas cacare\u00f3 el Gobierno de Veracruz es la calificaci\u00f3n crediticia que vuelve a [&hellip;]<\/p>\n","protected":false},"author":1,"featured_media":488,"comment_status":"open","ping_status":"open","sticky":false,"template":"","format":"standard","meta":{"_jetpack_memberships_contains_paid_content":false,"footnotes":""},"categories":[11],"tags":[],"class_list":["post-26730","post","type-post","status-publish","format-standard","has-post-thumbnail","hentry","category-opinion"],"jetpack_featured_media_url":"https:\/\/encuentroinformativo.com.mx\/wp-content\/uploads\/2020\/03\/F471F608-BA1A-416B-BA7B-BCFB24F4E6D0.jpeg","jetpack_sharing_enabled":true,"jetpack_likes_enabled":true,"amp_enabled":true,"_links":{"self":[{"href":"https:\/\/encuentroinformativo.com.mx\/index.php?rest_route=\/wp\/v2\/posts\/26730","targetHints":{"allow":["GET"]}}],"collection":[{"href":"https:\/\/encuentroinformativo.com.mx\/index.php?rest_route=\/wp\/v2\/posts"}],"about":[{"href":"https:\/\/encuentroinformativo.com.mx\/index.php?rest_route=\/wp\/v2\/types\/post"}],"author":[{"embeddable":true,"href":"https:\/\/encuentroinformativo.com.mx\/index.php?rest_route=\/wp\/v2\/users\/1"}],"replies":[{"embeddable":true,"href":"https:\/\/encuentroinformativo.com.mx\/index.php?rest_route=%2Fwp%2Fv2%2Fcomments&post=26730"}],"version-history":[{"count":1,"href":"https:\/\/encuentroinformativo.com.mx\/index.php?rest_route=\/wp\/v2\/posts\/26730\/revisions"}],"predecessor-version":[{"id":26731,"href":"https:\/\/encuentroinformativo.com.mx\/index.php?rest_route=\/wp\/v2\/posts\/26730\/revisions\/26731"}],"wp:featuredmedia":[{"embeddable":true,"href":"https:\/\/encuentroinformativo.com.mx\/index.php?rest_route=\/wp\/v2\/media\/488"}],"wp:attachment":[{"href":"https:\/\/encuentroinformativo.com.mx\/index.php?rest_route=%2Fwp%2Fv2%2Fmedia&parent=26730"}],"wp:term":[{"taxonomy":"category","embeddable":true,"href":"https:\/\/encuentroinformativo.com.mx\/index.php?rest_route=%2Fwp%2Fv2%2Fcategories&post=26730"},{"taxonomy":"post_tag","embeddable":true,"href":"https:\/\/encuentroinformativo.com.mx\/index.php?rest_route=%2Fwp%2Fv2%2Ftags&post=26730"}],"curies":[{"name":"wp","href":"https:\/\/api.w.org\/{rel}","templated":true}]}}