{"id":26732,"date":"2022-05-03T11:48:28","date_gmt":"2022-05-03T16:48:28","guid":{"rendered":"https:\/\/encuentroinformativo.com.mx\/?p=26732"},"modified":"2022-05-03T12:18:29","modified_gmt":"2022-05-03T17:18:29","slug":"recuerdan-a-periodistas-asesinados-familiares-piden-justicia","status":"publish","type":"post","link":"https:\/\/encuentroinformativo.com.mx\/?p=26732","title":{"rendered":"Recuerdan a periodistas asesinados; familiares piden justicia"},"content":{"rendered":"\n<p><strong>Juan Arcos<\/strong><\/p>\n\n\n\n<p>Xalapa, Ver.- Familiares y amigos de los reporteros policiacos Guillermo Luna Varela y Gabriel Huge C\u00f3rdova, encontrados sin vida el 3 de mayo de 2012, protestaron frente a Palacio de Gobierno para denunciar que han pasado diez a\u00f1os y el crimen no ha sido esclarecido por la Fiscal\u00eda General del Estado (FGE).<\/p>\n\n\n\n<p>Colocaron una lona sobre Plaza Sebasti\u00e1n Lerdo de Tejada, con el mensaje: \u201cprensa no disparen. Justicia para los periodistas asesinados en Veracruz\u201d.<\/p>\n\n\n\n<p>Tambi\u00e9n formaron un medio c\u00edrculo con las fotograf\u00edas de 27 reporteros que han sido asesinados en el estado de Veracruz.<\/p>\n\n\n\n<p>Guillermo y su t\u00edo fueron asesinados y localizados junto con otras tres personas en un canal de agua negras conocido como La Zamorana, municipio de Boca del R\u00edo.<\/p>\n\n\n\n<p>De acuerdo con Isabel Luna Valera, hermana de Guillermo y sobrina de Gabriel, la investigaci\u00f3n por este lamentable suceso no presenta ning\u00fan avance.<\/p>\n\n\n\n<p>Los reporteros hab\u00edan trabajado durante a\u00f1os en la fuente policiaca y, tanto Huge como Luna, fueron compa\u00f1eros en el diario Notiver de Miguel Angel L\u00f3pez Velasco y su hijo Misael L\u00f3pez Solana, asesinados el 20 de junio de 2011.<\/p>\n\n\n\n<p>De acuerdo con cifras de la organizaci\u00f3n Art\u00edculo 19, del a\u00f1o 2000 a febrero de 2022, sumaban 150 asesinatos de periodistas en M\u00e9xico posiblemente relacionados con su labor.<\/p>\n\n\n\n<p>En el estado de Veracruz se contabilizan 31 asesinatos en el mismo periodo; Guerrero y Oaxaca con 15; Tamaulipas con 14; Chihuahua con 13.<\/p>\n\n\n\n<figure class=\"wp-block-image size-large\"><img loading=\"lazy\" decoding=\"async\" width=\"1024\" height=\"768\" src=\"https:\/\/encuentroinformativo.com.mx\/wp-content\/uploads\/2022\/05\/5BEC7A0B-94D3-4C7B-8121-F8689506610E-1024x768.jpeg\" alt=\"\" class=\"wp-image-26734\" srcset=\"https:\/\/encuentroinformativo.com.mx\/wp-content\/uploads\/2022\/05\/5BEC7A0B-94D3-4C7B-8121-F8689506610E-1024x768.jpeg 1024w, https:\/\/encuentroinformativo.com.mx\/wp-content\/uploads\/2022\/05\/5BEC7A0B-94D3-4C7B-8121-F8689506610E-300x225.jpeg 300w, https:\/\/encuentroinformativo.com.mx\/wp-content\/uploads\/2022\/05\/5BEC7A0B-94D3-4C7B-8121-F8689506610E-768x576.jpeg 768w, https:\/\/encuentroinformativo.com.mx\/wp-content\/uploads\/2022\/05\/5BEC7A0B-94D3-4C7B-8121-F8689506610E-1536x1152.jpeg 1536w, https:\/\/encuentroinformativo.com.mx\/wp-content\/uploads\/2022\/05\/5BEC7A0B-94D3-4C7B-8121-F8689506610E.jpeg 2016w\" sizes=\"auto, (max-width: 1024px) 100vw, 1024px\" \/><\/figure>\n\n\n\n<figure class=\"wp-block-image size-large\"><img loading=\"lazy\" decoding=\"async\" width=\"1024\" height=\"764\" src=\"https:\/\/encuentroinformativo.com.mx\/wp-content\/uploads\/2022\/05\/940462D8-1620-4D45-BEE8-0B7A282E769A-1024x764.jpeg\" alt=\"\" class=\"wp-image-26741\" srcset=\"https:\/\/encuentroinformativo.com.mx\/wp-content\/uploads\/2022\/05\/940462D8-1620-4D45-BEE8-0B7A282E769A-1024x764.jpeg 1024w, https:\/\/encuentroinformativo.com.mx\/wp-content\/uploads\/2022\/05\/940462D8-1620-4D45-BEE8-0B7A282E769A-300x224.jpeg 300w, https:\/\/encuentroinformativo.com.mx\/wp-content\/uploads\/2022\/05\/940462D8-1620-4D45-BEE8-0B7A282E769A-768x573.jpeg 768w, https:\/\/encuentroinformativo.com.mx\/wp-content\/uploads\/2022\/05\/940462D8-1620-4D45-BEE8-0B7A282E769A-1536x1146.jpeg 1536w, https:\/\/encuentroinformativo.com.mx\/wp-content\/uploads\/2022\/05\/940462D8-1620-4D45-BEE8-0B7A282E769A.jpeg 1600w\" sizes=\"auto, (max-width: 1024px) 100vw, 1024px\" \/><\/figure>\n\n\n\n<figure class=\"wp-block-image size-large\"><img loading=\"lazy\" decoding=\"async\" width=\"1024\" height=\"682\" src=\"https:\/\/encuentroinformativo.com.mx\/wp-content\/uploads\/2022\/05\/65C67A56-D216-46C6-9A27-8FAC269C5D22-1024x682.jpeg\" alt=\"\" class=\"wp-image-26742\" srcset=\"https:\/\/encuentroinformativo.com.mx\/wp-content\/uploads\/2022\/05\/65C67A56-D216-46C6-9A27-8FAC269C5D22-1024x682.jpeg 1024w, https:\/\/encuentroinformativo.com.mx\/wp-content\/uploads\/2022\/05\/65C67A56-D216-46C6-9A27-8FAC269C5D22-300x200.jpeg 300w, https:\/\/encuentroinformativo.com.mx\/wp-content\/uploads\/2022\/05\/65C67A56-D216-46C6-9A27-8FAC269C5D22-768x512.jpeg 768w, https:\/\/encuentroinformativo.com.mx\/wp-content\/uploads\/2022\/05\/65C67A56-D216-46C6-9A27-8FAC269C5D22-1536x1023.jpeg 1536w, https:\/\/encuentroinformativo.com.mx\/wp-content\/uploads\/2022\/05\/65C67A56-D216-46C6-9A27-8FAC269C5D22.jpeg 1600w\" sizes=\"auto, (max-width: 1024px) 100vw, 1024px\" \/><\/figure>\n","protected":false},"excerpt":{"rendered":"<p>Juan Arcos Xalapa, Ver.- Familiares y amigos de los reporteros policiacos Guillermo Luna Varela y Gabriel Huge C\u00f3rdova, encontrados sin vida el 3 de mayo de 2012, protestaron frente a Palacio de Gobierno para denunciar que han pasado diez a\u00f1os y el crimen no ha sido esclarecido por la Fiscal\u00eda General del Estado (FGE). Colocaron [&hellip;]<\/p>\n","protected":false},"author":1,"featured_media":26739,"comment_status":"open","ping_status":"open","sticky":false,"template":"","format":"standard","meta":{"_jetpack_memberships_contains_paid_content":false,"footnotes":""},"categories":[3],"tags":[],"class_list":["post-26732","post","type-post","status-publish","format-standard","has-post-thumbnail","hentry","category-xalapa"],"jetpack_featured_media_url":"https:\/\/encuentroinformativo.com.mx\/wp-content\/uploads\/2022\/05\/1D636EBC-725C-43D3-AD0C-FB01BDD477CB.jpeg","jetpack_sharing_enabled":true,"jetpack_likes_enabled":true,"amp_enabled":true,"_links":{"self":[{"href":"https:\/\/encuentroinformativo.com.mx\/index.php?rest_route=\/wp\/v2\/posts\/26732","targetHints":{"allow":["GET"]}}],"collection":[{"href":"https:\/\/encuentroinformativo.com.mx\/index.php?rest_route=\/wp\/v2\/posts"}],"about":[{"href":"https:\/\/encuentroinformativo.com.mx\/index.php?rest_route=\/wp\/v2\/types\/post"}],"author":[{"embeddable":true,"href":"https:\/\/encuentroinformativo.com.mx\/index.php?rest_route=\/wp\/v2\/users\/1"}],"replies":[{"embeddable":true,"href":"https:\/\/encuentroinformativo.com.mx\/index.php?rest_route=%2Fwp%2Fv2%2Fcomments&post=26732"}],"version-history":[{"count":2,"href":"https:\/\/encuentroinformativo.com.mx\/index.php?rest_route=\/wp\/v2\/posts\/26732\/revisions"}],"predecessor-version":[{"id":26743,"href":"https:\/\/encuentroinformativo.com.mx\/index.php?rest_route=\/wp\/v2\/posts\/26732\/revisions\/26743"}],"wp:featuredmedia":[{"embeddable":true,"href":"https:\/\/encuentroinformativo.com.mx\/index.php?rest_route=\/wp\/v2\/media\/26739"}],"wp:attachment":[{"href":"https:\/\/encuentroinformativo.com.mx\/index.php?rest_route=%2Fwp%2Fv2%2Fmedia&parent=26732"}],"wp:term":[{"taxonomy":"category","embeddable":true,"href":"https:\/\/encuentroinformativo.com.mx\/index.php?rest_route=%2Fwp%2Fv2%2Fcategories&post=26732"},{"taxonomy":"post_tag","embeddable":true,"href":"https:\/\/encuentroinformativo.com.mx\/index.php?rest_route=%2Fwp%2Fv2%2Ftags&post=26732"}],"curies":[{"name":"wp","href":"https:\/\/api.w.org\/{rel}","templated":true}]}}