{"id":2674,"date":"2020-05-19T17:20:39","date_gmt":"2020-05-19T22:20:39","guid":{"rendered":"https:\/\/encuentroinformativo.com\/?p=2674"},"modified":"2020-05-19T17:20:42","modified_gmt":"2020-05-19T22:20:42","slug":"inician-entrevistas-para-aspirantes-a-fiscalia","status":"publish","type":"post","link":"https:\/\/encuentroinformativo.com.mx\/?p=2674","title":{"rendered":"Inician entrevistas para aspirantes a Fiscal\u00eda"},"content":{"rendered":"\n<p>Xalapa, Ver.- En cumplimiento de la base quinta de la convocatoria, publicada el pasado 26 de marzo en la Gaceta Oficial del Estado, n\u00famero extraordinario 124, los integrantes de la Junta de Coordinaci\u00f3n Pol\u00edtica (Jucopo) iniciaron, este 19 de mayo, la etapa de entrevistas a 16, de los 21, aspirantes a titular de la Fiscal\u00eda General del Estado (FGE).<\/p>\n\n\n\n<p>Reunidos en la sala Venustiano Carranza, sede de las entrevistas, el diputado Juan Javier G\u00f3mez Cazar\u00edn, coordinador del Grupo Legislativo de Morena y presidente de la Jucopo, el legislador Omar Guillermo Miranda Romero (PAN), la diputada Erika Ayala R\u00edos (PRI-PVEM) y el legislador Alexis S\u00e1nchez Garc\u00eda (MC-PRD), llevaron a cabo este procedimiento, el cual estuvo centrado en la trayectoria, experiencias, conocimiento en la materia y propuestas de cada uno de los aspirantes, en caso de asumir el cargo.<\/p>\n\n\n\n<p>Cada uno de las y los aspirantes cont\u00f3 con 15 minutos para apertura, desarrollo y cierre de su intervenci\u00f3n, periodo en el cual aportaron diversos elementos en cuanto a los objetivos planteados y las acciones a implementar desde la FGE.<\/p>\n\n\n\n<p>Este 19 de mayo, fueron entrevistados las ciudadanas y los ciudadanos: Elizabeth Morales Garc\u00eda, Gabriel Alejandro Williams Mendoza, Fernando Herrera Escobar, Florencio Hern\u00e1ndez Espinoza, Salvador Antonio Monroy Cosme, Francisco Enrique Varela Ram\u00edrez, Teresa Cruz Flores, Yuridia Torres P\u00e1ez, Rub\u00ed Rosas Carvajal, Anel Retama J\u00e1come, Tom\u00e1s Mundo Arriasa, Arabella Marely Ca\u00f1as y S\u00e1enz, Jorge Efr\u00e9n Avil\u00e9s Morelos, Anastacio B\u00e1ez M\u00e9ndez, \u00c1ngel Rodr\u00edguez Bernal y Angel Ofir Mart\u00ednez Che.<\/p>\n\n\n\n<p>Este 20 de mayo, a partir de las 10:00 horas, la Jucopo continuar\u00e1 esta etapa con las entrevistas a las y los ciudadanos Ver\u00f3nica Hern\u00e1ndez Giad\u00e1ns, Ramiro Ram\u00edrez Reyes, Alejandro Lagunes Toral, Gerardo Escobedo Garc\u00eda y Jos\u00e9 Mart\u00edn Rivera&nbsp; Mart\u00ednez.<\/p>\n\n\n\n<p>Conforme a la Convocatoria, al concluir la etapa de entrevistas, la Jucopo tiene un plazo m\u00e1ximo de tres d\u00edas naturales para emitir el Proyecto de Punto de Acuerdo en el que se propondr\u00e1 a la terna de la cual el Pleno, por mayor\u00eda calificada, elegir\u00e1 a la persona que asuma la titularidad de la FGE.<br><\/p>\n\n\n\n<figure class=\"wp-block-gallery columns-3 is-cropped wp-block-gallery-1 is-layout-flex wp-block-gallery-is-layout-flex\"><ul class=\"blocks-gallery-grid\"><li class=\"blocks-gallery-item\"><figure><img loading=\"lazy\" decoding=\"async\" width=\"981\" height=\"654\" src=\"https:\/\/encuentroinformativo.com.mx\/wp-content\/uploads\/2020\/05\/7202604A-72E1-42C8-BB03-8208A3C9C976.jpeg\" alt=\"\" data-id=\"2676\" data-full-url=\"https:\/\/i1.wp.com\/encuentroinformativo.com\/wp-content\/uploads\/2020\/05\/7202604A-72E1-42C8-BB03-8208A3C9C976.jpeg?fit=981%2C654&amp;ssl=1\" data-link=\"https:\/\/encuentroinformativo.com.mx\/?attachment_id=2676\" class=\"wp-image-2676\" srcset=\"https:\/\/encuentroinformativo.com.mx\/wp-content\/uploads\/2020\/05\/7202604A-72E1-42C8-BB03-8208A3C9C976.jpeg 981w, https:\/\/encuentroinformativo.com.mx\/wp-content\/uploads\/2020\/05\/7202604A-72E1-42C8-BB03-8208A3C9C976-300x200.jpeg 300w, https:\/\/encuentroinformativo.com.mx\/wp-content\/uploads\/2020\/05\/7202604A-72E1-42C8-BB03-8208A3C9C976-768x512.jpeg 768w\" sizes=\"auto, (max-width: 981px) 100vw, 981px\" \/><\/figure><\/li><li class=\"blocks-gallery-item\"><figure><img loading=\"lazy\" decoding=\"async\" width=\"1280\" height=\"853\" src=\"https:\/\/i1.wp.com\/encuentroinformativo.com\/wp-content\/uploads\/2020\/05\/08B056BE-D0FE-4F56-98EE-E23FEA8EB19B.jpeg?fit=640%2C426&amp;ssl=1\" alt=\"\" data-id=\"2677\" data-full-url=\"https:\/\/i1.wp.com\/encuentroinformativo.com\/wp-content\/uploads\/2020\/05\/08B056BE-D0FE-4F56-98EE-E23FEA8EB19B.jpeg?fit=1280%2C853&amp;ssl=1\" data-link=\"https:\/\/encuentroinformativo.com.mx\/?attachment_id=2677\" class=\"wp-image-2677\" srcset=\"https:\/\/encuentroinformativo.com.mx\/wp-content\/uploads\/2020\/05\/08B056BE-D0FE-4F56-98EE-E23FEA8EB19B.jpeg 1280w, https:\/\/encuentroinformativo.com.mx\/wp-content\/uploads\/2020\/05\/08B056BE-D0FE-4F56-98EE-E23FEA8EB19B-300x200.jpeg 300w, https:\/\/encuentroinformativo.com.mx\/wp-content\/uploads\/2020\/05\/08B056BE-D0FE-4F56-98EE-E23FEA8EB19B-1024x682.jpeg 1024w, https:\/\/encuentroinformativo.com.mx\/wp-content\/uploads\/2020\/05\/08B056BE-D0FE-4F56-98EE-E23FEA8EB19B-768x512.jpeg 768w\" sizes=\"auto, (max-width: 1280px) 100vw, 1280px\" \/><\/figure><\/li><li class=\"blocks-gallery-item\"><figure><img loading=\"lazy\" decoding=\"async\" width=\"1280\" height=\"853\" src=\"https:\/\/i1.wp.com\/encuentroinformativo.com\/wp-content\/uploads\/2020\/05\/67630388-04C4-40D3-A36B-B6D143A07CB3.jpeg?fit=640%2C426&amp;ssl=1\" alt=\"\" data-id=\"2678\" data-full-url=\"https:\/\/i1.wp.com\/encuentroinformativo.com\/wp-content\/uploads\/2020\/05\/67630388-04C4-40D3-A36B-B6D143A07CB3.jpeg?fit=1280%2C853&amp;ssl=1\" data-link=\"https:\/\/encuentroinformativo.com.mx\/?attachment_id=2678\" class=\"wp-image-2678\" srcset=\"https:\/\/encuentroinformativo.com.mx\/wp-content\/uploads\/2020\/05\/67630388-04C4-40D3-A36B-B6D143A07CB3.jpeg 1280w, https:\/\/encuentroinformativo.com.mx\/wp-content\/uploads\/2020\/05\/67630388-04C4-40D3-A36B-B6D143A07CB3-300x200.jpeg 300w, https:\/\/encuentroinformativo.com.mx\/wp-content\/uploads\/2020\/05\/67630388-04C4-40D3-A36B-B6D143A07CB3-1024x682.jpeg 1024w, https:\/\/encuentroinformativo.com.mx\/wp-content\/uploads\/2020\/05\/67630388-04C4-40D3-A36B-B6D143A07CB3-768x512.jpeg 768w\" sizes=\"auto, (max-width: 1280px) 100vw, 1280px\" \/><\/figure><\/li><\/ul><\/figure>\n","protected":false},"excerpt":{"rendered":"<p>Xalapa, Ver.- En cumplimiento de la base quinta de la convocatoria, publicada el pasado 26 de marzo en la Gaceta Oficial del Estado, n\u00famero extraordinario 124, los integrantes de la Junta de Coordinaci\u00f3n Pol\u00edtica (Jucopo) iniciaron, este 19 de mayo, la etapa de entrevistas a 16, de los 21, aspirantes a titular de la Fiscal\u00eda [&hellip;]<\/p>\n","protected":false},"author":1,"featured_media":2675,"comment_status":"open","ping_status":"open","sticky":false,"template":"","format":"standard","meta":{"_jetpack_memberships_contains_paid_content":false,"footnotes":""},"categories":[2],"tags":[],"class_list":["post-2674","post","type-post","status-publish","format-standard","has-post-thumbnail","hentry","category-estado"],"jetpack_featured_media_url":"https:\/\/encuentroinformativo.com.mx\/wp-content\/uploads\/2020\/05\/731833FD-0824-43E8-84BF-7F84710D2872.jpeg","jetpack_sharing_enabled":true,"jetpack_likes_enabled":true,"amp_enabled":true,"_links":{"self":[{"href":"https:\/\/encuentroinformativo.com.mx\/index.php?rest_route=\/wp\/v2\/posts\/2674","targetHints":{"allow":["GET"]}}],"collection":[{"href":"https:\/\/encuentroinformativo.com.mx\/index.php?rest_route=\/wp\/v2\/posts"}],"about":[{"href":"https:\/\/encuentroinformativo.com.mx\/index.php?rest_route=\/wp\/v2\/types\/post"}],"author":[{"embeddable":true,"href":"https:\/\/encuentroinformativo.com.mx\/index.php?rest_route=\/wp\/v2\/users\/1"}],"replies":[{"embeddable":true,"href":"https:\/\/encuentroinformativo.com.mx\/index.php?rest_route=%2Fwp%2Fv2%2Fcomments&post=2674"}],"version-history":[{"count":1,"href":"https:\/\/encuentroinformativo.com.mx\/index.php?rest_route=\/wp\/v2\/posts\/2674\/revisions"}],"predecessor-version":[{"id":2679,"href":"https:\/\/encuentroinformativo.com.mx\/index.php?rest_route=\/wp\/v2\/posts\/2674\/revisions\/2679"}],"wp:featuredmedia":[{"embeddable":true,"href":"https:\/\/encuentroinformativo.com.mx\/index.php?rest_route=\/wp\/v2\/media\/2675"}],"wp:attachment":[{"href":"https:\/\/encuentroinformativo.com.mx\/index.php?rest_route=%2Fwp%2Fv2%2Fmedia&parent=2674"}],"wp:term":[{"taxonomy":"category","embeddable":true,"href":"https:\/\/encuentroinformativo.com.mx\/index.php?rest_route=%2Fwp%2Fv2%2Fcategories&post=2674"},{"taxonomy":"post_tag","embeddable":true,"href":"https:\/\/encuentroinformativo.com.mx\/index.php?rest_route=%2Fwp%2Fv2%2Ftags&post=2674"}],"curies":[{"name":"wp","href":"https:\/\/api.w.org\/{rel}","templated":true}]}}