{"id":26744,"date":"2022-05-03T12:48:06","date_gmt":"2022-05-03T17:48:06","guid":{"rendered":"https:\/\/encuentroinformativo.com.mx\/?p=26744"},"modified":"2022-05-03T12:48:10","modified_gmt":"2022-05-03T17:48:10","slug":"embarazos-en-ninas-no-han-disminuido-equifonia","status":"publish","type":"post","link":"https:\/\/encuentroinformativo.com.mx\/?p=26744","title":{"rendered":"Embarazos en ni\u00f1as no han disminuido: Equifon\u00eda"},"content":{"rendered":"\n<p><strong>Dar\u00edo Pale <\/strong><\/p>\n\n\n\n<p>Xalapa, Ver.- Mary Veda Patlax Valdivia y Adriana Fuentes coordinadora general de Equifon\u00eda dieron a conocer que, les llama la atenci\u00f3n el retroceso en el indicador de embarazo en ni\u00f1as menores de edad ya que se han incrementado.<\/p>\n\n\n\n<p>En conferencia de prensa reconocieron que el embarazo infantil en menores de 15 a\u00f1os es consecuencia de la violencia sexual y un grave atentado a los derechos humanos de las ni\u00f1as, M\u00e9xico se comprometi\u00f3 a erradicarlo para el a\u00f1o 2030.<\/p>\n\n\n\n<p>El estado de Veracruz desde a\u00f1o 2012 hab\u00eda registrado una tendencia sostenida a la reducci\u00f3n en cuanto al n\u00famero de nacimientos en mujeres menores de 15 a\u00f1os, sin embargo, esa progresividad se estanc\u00f3 en el a\u00f1o 2021 registrando 688 ni\u00f1as que tuvieron un nacimiento, ocupando as\u00ed el tercer sitio a nivel nacional, superado tan solo por el Estado de M\u00e9xico y Chiapas respectivamente.<\/p>\n\n\n\n<p>Les llama la atenci\u00f3n el retroceso en el indicador, toda vez que justo el 20 de julio de 2021, Veracruz avanz\u00f3 en una reforma hist\u00f3rica al C\u00f3digo Penal en la cual se elimin\u00f3 el plazo de 90 d\u00edas para la interrupci\u00f3n del embarazo, el cual limitaba gravemente la restituci\u00f3n de los derechos de las ni\u00f1as v\u00edctimas de pederastia.<\/p>\n\n\n\n<p>De las 688 ni\u00f1as que fueron madres durante el 2021, el 90 por ciento no tiene seguridad social, fueron atendidas en su mayor\u00eda por los Servicios de Salud de Veracruz.<\/p>\n\n\n\n<p>&#8220;Es muy importante reconocer adem\u00e1s que el 90 por ciento de las ni\u00f1as embarazadas acudieron a control prenatal en alg\u00fan momento de su embarazo, pero lo m\u00e1s importante es que en su mayor proporci\u00f3n el 53 por ciento est\u00e1n acudiendo de manera oportuna de tal menara que recibieron control prenatal de primera vez durante el primer trimestre&#8221;, coment\u00f3.<\/p>\n\n\n\n<p>&#8220;Eso significa que aproximadamente 365 ni\u00f1as buscaron atenci\u00f3n en el momento adecuado en el cual los servicios de salud ten\u00edan la obligaci\u00f3n y oportunidad de aplicar la normatividad en la materia y ofertar servicios de consejer\u00eda para Interrupci\u00f3n Voluntaria del Embarazo e iniciar con ello los primeros servicios de restituci\u00f3n de derechos y reducci\u00f3n de da\u00f1os de las ni\u00f1as, la omisi\u00f3n es alarmante&#8221;, agreg\u00f3.<\/p>\n\n\n\n<p>La cantidad de ni\u00f1as embarazadas que acudieron a control prenatal de manera oportuna en el primer trimestre aproximadamente 365, contrasta con las bajas cifras de Interrupciones legales y voluntarias del embarazo en ese grupo de edad reportada por los Servicios de Salud de Veracruz.<\/p>\n\n\n\n<p>&#8220;Dos en el 2020 y 6 en el 2021, estas cifras hacen evidente la brecha de implementaci\u00f3n que necesitan atender de manera apremiante desde los Servicios de Salud de Veracruz&#8221;, se\u00f1alaron.<\/p>\n\n\n\n<p>La atenci\u00f3n a la salud, la procuraci\u00f3n de justicia y la reparaci\u00f3n integral que se brinde a las ni\u00f1as y adolescentes v\u00edctimas de violencia sexual debe ser bajo el principio de inter\u00e9s superior de la infancia y del libre desarrollo de su personalidad, de modo que se pueda garantizar la restituci\u00f3n de los derechos que les fueron violentados.<\/p>\n\n\n\n<p>Finalmente se\u00f1alaron que en Veracruz estamos en deuda con las ni\u00f1as, protejamos a las ni\u00f1as, erradiquemos el embarazo infantil.<\/p>\n","protected":false},"excerpt":{"rendered":"<p>Dar\u00edo Pale Xalapa, Ver.- Mary Veda Patlax Valdivia y Adriana Fuentes coordinadora general de Equifon\u00eda dieron a conocer que, les llama la atenci\u00f3n el retroceso en el indicador de embarazo en ni\u00f1as menores de edad ya que se han incrementado. En conferencia de prensa reconocieron que el embarazo infantil en menores de 15 a\u00f1os es [&hellip;]<\/p>\n","protected":false},"author":1,"featured_media":26745,"comment_status":"open","ping_status":"open","sticky":false,"template":"","format":"standard","meta":{"_jetpack_memberships_contains_paid_content":false,"footnotes":""},"categories":[3],"tags":[],"class_list":["post-26744","post","type-post","status-publish","format-standard","has-post-thumbnail","hentry","category-xalapa"],"jetpack_featured_media_url":"https:\/\/encuentroinformativo.com.mx\/wp-content\/uploads\/2022\/05\/CC21B59E-91D7-4AA5-BB46-9083E34647BF.jpeg","jetpack_sharing_enabled":true,"jetpack_likes_enabled":true,"amp_enabled":true,"_links":{"self":[{"href":"https:\/\/encuentroinformativo.com.mx\/index.php?rest_route=\/wp\/v2\/posts\/26744","targetHints":{"allow":["GET"]}}],"collection":[{"href":"https:\/\/encuentroinformativo.com.mx\/index.php?rest_route=\/wp\/v2\/posts"}],"about":[{"href":"https:\/\/encuentroinformativo.com.mx\/index.php?rest_route=\/wp\/v2\/types\/post"}],"author":[{"embeddable":true,"href":"https:\/\/encuentroinformativo.com.mx\/index.php?rest_route=\/wp\/v2\/users\/1"}],"replies":[{"embeddable":true,"href":"https:\/\/encuentroinformativo.com.mx\/index.php?rest_route=%2Fwp%2Fv2%2Fcomments&post=26744"}],"version-history":[{"count":1,"href":"https:\/\/encuentroinformativo.com.mx\/index.php?rest_route=\/wp\/v2\/posts\/26744\/revisions"}],"predecessor-version":[{"id":26746,"href":"https:\/\/encuentroinformativo.com.mx\/index.php?rest_route=\/wp\/v2\/posts\/26744\/revisions\/26746"}],"wp:featuredmedia":[{"embeddable":true,"href":"https:\/\/encuentroinformativo.com.mx\/index.php?rest_route=\/wp\/v2\/media\/26745"}],"wp:attachment":[{"href":"https:\/\/encuentroinformativo.com.mx\/index.php?rest_route=%2Fwp%2Fv2%2Fmedia&parent=26744"}],"wp:term":[{"taxonomy":"category","embeddable":true,"href":"https:\/\/encuentroinformativo.com.mx\/index.php?rest_route=%2Fwp%2Fv2%2Fcategories&post=26744"},{"taxonomy":"post_tag","embeddable":true,"href":"https:\/\/encuentroinformativo.com.mx\/index.php?rest_route=%2Fwp%2Fv2%2Ftags&post=26744"}],"curies":[{"name":"wp","href":"https:\/\/api.w.org\/{rel}","templated":true}]}}