{"id":26752,"date":"2022-05-03T13:53:12","date_gmt":"2022-05-03T18:53:12","guid":{"rendered":"https:\/\/encuentroinformativo.com.mx\/?p=26752"},"modified":"2022-05-03T13:53:16","modified_gmt":"2022-05-03T18:53:16","slug":"ante-anomalias-en-exhumacion-procederan-colectivos-por-via-legal","status":"publish","type":"post","link":"https:\/\/encuentroinformativo.com.mx\/?p=26752","title":{"rendered":"Ante anomal\u00edas en exhumaci\u00f3n, proceder\u00e1n Colectivos por v\u00eda legal"},"content":{"rendered":"\n<p><strong>Juan Arcos <\/strong><\/p>\n\n\n\n<p>Xalapa, Ver.- Familiares de desaparecidos protestaron afuera del pante\u00f3n Palo Verde, en esta ciudad de Xalapa, para exigir la exhumaci\u00f3n de cuatro cuerpos encontrados en una fosa com\u00fan.<\/p>\n\n\n\n<p>De acuerdo con Mar\u00eda Elena Guti\u00e9rrez Dom\u00ednguez, integrante del Colectivo Buscando a Nuestros Desaparecidos y Desaparecidas Veracruz, esta ma\u00f1ana se llevaron a cabo los trabajos para la exhumaci\u00f3n e identificaci\u00f3n de los restos que podr\u00edan corresponder a una persona reportada como extraviada.<\/p>\n\n\n\n<p>\u201cHay una ley de panteones donde dice que se debe poner en la bolsa donde van los restos una identificaci\u00f3n, una placa, a veces en una botella meten un papel que identifique y ya cierran (la fosa com\u00fan) pero los cinco cuerpos no ten\u00edan nada\u201d, refiri\u00f3.<\/p>\n\n\n\n<p>Sin embargo, el personal de la Fiscal\u00eda General del Estado (FGE) localiz\u00f3 cuatro cuerpos m\u00e1s en la misma fosa com\u00fan, los cuales se encontraban en costales de az\u00facar y bolsas para basura, sin ninguna identificaci\u00f3n.<\/p>\n\n\n\n<p>\u201cTardaron para encontrar la fosa. Supongamos que encontraron la que s\u00ed era. Empezaron a palear y sale una bolsa de pl\u00e1stico, como un costal, con un cuerpo adentro, siguen sacando tierra y sacan cinco en total. Al cuarto cuerpo lo identifican, con una botella de agua le echan a los dientes y dicen: si se parece al que venimos a buscar\u201d, expres\u00f3.<\/p>\n\n\n\n<p>Los peritos se negaron a trasladar los otros cuatro cuerpos para su identificaci\u00f3n; solo los cambiaron de bolsa y los inhumaron nuevamente en el mismo sitio.<\/p>\n\n\n\n<p>\u201cC\u00f3mo es posible que ya sac\u00e1ndolos, los volvieron a embolsar, en bolsas limpias, blancas, y los vuelven a depositar y se quedan con un solo cuerpo. De qu\u00e9 se trata, que falta de respeto para las familias que est\u00e1bamos aqu\u00ed. Les gritamos y mandamos oficios a la fiscal\u00eda y nadie (respondi\u00f3), no es posible. En Xalapa cuatro cuerpos que se encuentran tienen que ser estudiados y devolverlos a las familias por qu\u00e9 insisten en la impunidad\u201d, a\u00f1adi\u00f3.<\/p>\n\n\n\n<p>Los familiares de desaparecidos dieron\u00a0a conocer que proceder\u00e1n legalmente contra el personal de la Fiscal\u00eda de Veracruz, al incurrir en una presunta negligencia y omisi\u00f3n en sus funciones.<\/p>\n\n\n\n<p>\u201cEsos cuerpos pueden ser de alguno de nuestros familiares que est\u00e1n desaparecidos, les exigimos que los exhumen y los identifiquen\u201d, expresaron.<\/p>\n\n\n\n<p>Se estima que 99 cuerpos fueron inhumados en el pante\u00f3n Palo Verde, de manera ilegal, en los \u00faltimos diez a\u00f1os, se\u00f1al\u00f3 la se\u00f1ora Mar\u00eda Elena, quien busca a su sobrino Rafael Espinosa Guti\u00e9rrez, desaparecido desde el 15 de agosto de 2013, en esta ciudad de Xalapa.<\/p>\n\n\n\n<p>\u201cVamos a poner una denuncia porque esto que hicieron no se vale, en este momento no se vale. Eso lo hac\u00edan con Duarte pero en este momento el discurso oficial es otro\u201d, agreg\u00f3 Mar\u00eda Elena Guti\u00e9rrez.<\/p>\n\n\n\n<figure class=\"wp-block-image size-large\"><img loading=\"lazy\" decoding=\"async\" width=\"1024\" height=\"768\" src=\"https:\/\/encuentroinformativo.com.mx\/wp-content\/uploads\/2022\/05\/4181203F-CABD-437C-9747-AA3A2E08F66B-1024x768.jpeg\" alt=\"\" class=\"wp-image-26754\" srcset=\"https:\/\/encuentroinformativo.com.mx\/wp-content\/uploads\/2022\/05\/4181203F-CABD-437C-9747-AA3A2E08F66B-1024x768.jpeg 1024w, https:\/\/encuentroinformativo.com.mx\/wp-content\/uploads\/2022\/05\/4181203F-CABD-437C-9747-AA3A2E08F66B-300x225.jpeg 300w, https:\/\/encuentroinformativo.com.mx\/wp-content\/uploads\/2022\/05\/4181203F-CABD-437C-9747-AA3A2E08F66B-768x576.jpeg 768w, https:\/\/encuentroinformativo.com.mx\/wp-content\/uploads\/2022\/05\/4181203F-CABD-437C-9747-AA3A2E08F66B-1536x1152.jpeg 1536w, https:\/\/encuentroinformativo.com.mx\/wp-content\/uploads\/2022\/05\/4181203F-CABD-437C-9747-AA3A2E08F66B.jpeg 2016w\" sizes=\"auto, (max-width: 1024px) 100vw, 1024px\" \/><\/figure>\n","protected":false},"excerpt":{"rendered":"<p>Juan Arcos Xalapa, Ver.- Familiares de desaparecidos protestaron afuera del pante\u00f3n Palo Verde, en esta ciudad de Xalapa, para exigir la exhumaci\u00f3n de cuatro cuerpos encontrados en una fosa com\u00fan. De acuerdo con Mar\u00eda Elena Guti\u00e9rrez Dom\u00ednguez, integrante del Colectivo Buscando a Nuestros Desaparecidos y Desaparecidas Veracruz, esta ma\u00f1ana se llevaron a cabo los trabajos [&hellip;]<\/p>\n","protected":false},"author":1,"featured_media":26753,"comment_status":"open","ping_status":"open","sticky":false,"template":"","format":"standard","meta":{"_jetpack_memberships_contains_paid_content":false,"footnotes":""},"categories":[3],"tags":[],"class_list":["post-26752","post","type-post","status-publish","format-standard","has-post-thumbnail","hentry","category-xalapa"],"jetpack_featured_media_url":"https:\/\/encuentroinformativo.com.mx\/wp-content\/uploads\/2022\/05\/CF16142C-7BB5-496F-9BB0-A4864E7AA8D8.jpeg","jetpack_sharing_enabled":true,"jetpack_likes_enabled":true,"amp_enabled":true,"_links":{"self":[{"href":"https:\/\/encuentroinformativo.com.mx\/index.php?rest_route=\/wp\/v2\/posts\/26752","targetHints":{"allow":["GET"]}}],"collection":[{"href":"https:\/\/encuentroinformativo.com.mx\/index.php?rest_route=\/wp\/v2\/posts"}],"about":[{"href":"https:\/\/encuentroinformativo.com.mx\/index.php?rest_route=\/wp\/v2\/types\/post"}],"author":[{"embeddable":true,"href":"https:\/\/encuentroinformativo.com.mx\/index.php?rest_route=\/wp\/v2\/users\/1"}],"replies":[{"embeddable":true,"href":"https:\/\/encuentroinformativo.com.mx\/index.php?rest_route=%2Fwp%2Fv2%2Fcomments&post=26752"}],"version-history":[{"count":1,"href":"https:\/\/encuentroinformativo.com.mx\/index.php?rest_route=\/wp\/v2\/posts\/26752\/revisions"}],"predecessor-version":[{"id":26755,"href":"https:\/\/encuentroinformativo.com.mx\/index.php?rest_route=\/wp\/v2\/posts\/26752\/revisions\/26755"}],"wp:featuredmedia":[{"embeddable":true,"href":"https:\/\/encuentroinformativo.com.mx\/index.php?rest_route=\/wp\/v2\/media\/26753"}],"wp:attachment":[{"href":"https:\/\/encuentroinformativo.com.mx\/index.php?rest_route=%2Fwp%2Fv2%2Fmedia&parent=26752"}],"wp:term":[{"taxonomy":"category","embeddable":true,"href":"https:\/\/encuentroinformativo.com.mx\/index.php?rest_route=%2Fwp%2Fv2%2Fcategories&post=26752"},{"taxonomy":"post_tag","embeddable":true,"href":"https:\/\/encuentroinformativo.com.mx\/index.php?rest_route=%2Fwp%2Fv2%2Ftags&post=26752"}],"curies":[{"name":"wp","href":"https:\/\/api.w.org\/{rel}","templated":true}]}}