{"id":26756,"date":"2022-05-03T14:36:14","date_gmt":"2022-05-03T19:36:14","guid":{"rendered":"https:\/\/encuentroinformativo.com.mx\/?p=26756"},"modified":"2022-05-03T14:36:17","modified_gmt":"2022-05-03T19:36:17","slug":"constructoras-locales-tendran-trabajo-en-veracruz-puerto-afirma-alcaldesa","status":"publish","type":"post","link":"https:\/\/encuentroinformativo.com.mx\/?p=26756","title":{"rendered":"Constructoras locales tendr\u00e1n trabajo en Veracruz puerto, afirma Alcaldesa"},"content":{"rendered":"\n<p><strong>Alejandro \u00c1vila<\/strong><\/p>\n\n\n\n<p>Veracruz, Ver.- La alcaldesa de Veracruz, Patricia Lobeira Rodr\u00edguez confirm\u00f3 que, solo constructores locales ser\u00e1n los que realizar\u00e1n la obra p\u00fablica del Ayuntamiento que preside, durante sus cuatro a\u00f1os de gesti\u00f3n.<\/p>\n\n\n\n<p>Se estima que el presupuesto durante los cuatro a\u00f1os ser\u00e1 de 1 200 millones de pesos, aunque la panista reconoci\u00f3 que, este monto de inversi\u00f3n podr\u00eda variar si hay alg\u00fan cambio en la entrada de participaciones federales.<\/p>\n\n\n\n<p>&#8220;Alrededor del 60 por ciento va a ser para bacheo y para pavimentaci\u00f3n, y ah\u00ed vamos a estar trabajando muy duro en los 4 a\u00f1os, y van a ser alrededor de 80 millones de pesos qu\u00e9 vamos a estar utilizando (\u2026) queremos que sean empresas locales las que realicen este trabajo, y que se le d\u00e9 m\u00e1s empleo a la gente de aqu\u00ed de la zona&#8221;, apunt\u00f3.<\/p>\n\n\n\n<p>Patricia Lobeira reconoci\u00f3 qu\u00e9, las obras m\u00e1s significativas ser\u00e1n, los inicios de rehabilitaci\u00f3n del zool\u00f3gico &#8220;Miguel \u00c1ngel de Quevedo&#8221; y del Centro Hist\u00f3rico de la ciudad, mismos que aclar\u00f3, quedar\u00e1n culminados en su totalidad al finalizar su gesti\u00f3n.<\/p>\n\n\n\n<p>La presidenta municipal aclar\u00f3 que, en la rehabilitaci\u00f3n del Centro Hist\u00f3rico estar\u00e1n coordinados con el Instituto Nacional de Antropolog\u00eda e Historia (INAH), y en este 2021 quedar\u00e1 listo el proyecto para iniciar en los primeros d\u00edas del siguiente a\u00f1o con los trabajos de rehabilitaci\u00f3n.<\/p>\n","protected":false},"excerpt":{"rendered":"<p>Alejandro \u00c1vila Veracruz, Ver.- La alcaldesa de Veracruz, Patricia Lobeira Rodr\u00edguez confirm\u00f3 que, solo constructores locales ser\u00e1n los que realizar\u00e1n la obra p\u00fablica del Ayuntamiento que preside, durante sus cuatro a\u00f1os de gesti\u00f3n. Se estima que el presupuesto durante los cuatro a\u00f1os ser\u00e1 de 1 200 millones de pesos, aunque la panista reconoci\u00f3 que, este [&hellip;]<\/p>\n","protected":false},"author":1,"featured_media":26757,"comment_status":"open","ping_status":"open","sticky":false,"template":"","format":"standard","meta":{"_jetpack_memberships_contains_paid_content":false,"footnotes":""},"categories":[2],"tags":[],"class_list":["post-26756","post","type-post","status-publish","format-standard","has-post-thumbnail","hentry","category-estado"],"jetpack_featured_media_url":"https:\/\/encuentroinformativo.com.mx\/wp-content\/uploads\/2022\/05\/3F342AE2-6D80-4AF6-ADBE-FD9D425CC2A0.jpeg","jetpack_sharing_enabled":true,"jetpack_likes_enabled":true,"amp_enabled":true,"_links":{"self":[{"href":"https:\/\/encuentroinformativo.com.mx\/index.php?rest_route=\/wp\/v2\/posts\/26756","targetHints":{"allow":["GET"]}}],"collection":[{"href":"https:\/\/encuentroinformativo.com.mx\/index.php?rest_route=\/wp\/v2\/posts"}],"about":[{"href":"https:\/\/encuentroinformativo.com.mx\/index.php?rest_route=\/wp\/v2\/types\/post"}],"author":[{"embeddable":true,"href":"https:\/\/encuentroinformativo.com.mx\/index.php?rest_route=\/wp\/v2\/users\/1"}],"replies":[{"embeddable":true,"href":"https:\/\/encuentroinformativo.com.mx\/index.php?rest_route=%2Fwp%2Fv2%2Fcomments&post=26756"}],"version-history":[{"count":1,"href":"https:\/\/encuentroinformativo.com.mx\/index.php?rest_route=\/wp\/v2\/posts\/26756\/revisions"}],"predecessor-version":[{"id":26758,"href":"https:\/\/encuentroinformativo.com.mx\/index.php?rest_route=\/wp\/v2\/posts\/26756\/revisions\/26758"}],"wp:featuredmedia":[{"embeddable":true,"href":"https:\/\/encuentroinformativo.com.mx\/index.php?rest_route=\/wp\/v2\/media\/26757"}],"wp:attachment":[{"href":"https:\/\/encuentroinformativo.com.mx\/index.php?rest_route=%2Fwp%2Fv2%2Fmedia&parent=26756"}],"wp:term":[{"taxonomy":"category","embeddable":true,"href":"https:\/\/encuentroinformativo.com.mx\/index.php?rest_route=%2Fwp%2Fv2%2Fcategories&post=26756"},{"taxonomy":"post_tag","embeddable":true,"href":"https:\/\/encuentroinformativo.com.mx\/index.php?rest_route=%2Fwp%2Fv2%2Ftags&post=26756"}],"curies":[{"name":"wp","href":"https:\/\/api.w.org\/{rel}","templated":true}]}}