{"id":26762,"date":"2022-05-03T15:10:02","date_gmt":"2022-05-03T20:10:02","guid":{"rendered":"https:\/\/encuentroinformativo.com.mx\/?p=26762"},"modified":"2022-05-03T15:10:05","modified_gmt":"2022-05-03T20:10:05","slug":"boca-del-rio-invertira-90-millones-de-pesos-en-obra-publica","status":"publish","type":"post","link":"https:\/\/encuentroinformativo.com.mx\/?p=26762","title":{"rendered":"Boca del R\u00edo invertir\u00e1 90 millones de pesos en obra p\u00fablica"},"content":{"rendered":"\n<p><strong>Alejandro \u00c1vila<\/strong><\/p>\n\n\n\n<p>Boca del R\u00edo, Ver.- Los recursos para obra p\u00fablica en el municipio de Boca del R\u00edo ser\u00e1n limitados, confirm\u00f3 el alcalde Juan Manuel Unanue Abascal; sin embargo, esto no limitar\u00e1 los trabajos del Ayuntamiento en remodelaci\u00f3n y rehabilitaci\u00f3n.<\/p>\n\n\n\n<p>S\u00ed bien las colonias populares son la prioridad en el Plan General de Inversi\u00f3n 2021, la zona tur\u00edstica tendr\u00e1 mejoras considerables, afirm\u00f3 el presidente municipal.<\/p>\n\n\n\n<p>&#8220;Estamos, si bien es cierto, limitados con el tema de los recursos, tendremos un poquito m\u00e1s de 90 millones para obra (\u2026) para este a\u00f1o, pero focalizando los esfuerzos en necesidades verdaderamente importantes para la ciudadan\u00eda, iremos cubriendolas, entonces habr\u00e1 obra p\u00fablica en todas las colonias populares, habr\u00e1 obra p\u00fablica en la zona tur\u00edstica&#8221;, subray\u00f3.<\/p>\n\n\n\n<p>El panista dijo que, surante los primeros meses de su gesti\u00f3n han tenido un gran avance en el embellecimiento de la ciudad, coordinandose de manera puntual con la direcci\u00f3n de Mantenimiento Urbano.<\/p>\n\n\n\n<p>&#8220;Lo que hemos estado haciendo en todos estos meses, es precisamente avanzar con la direcci\u00f3n de Mantenimiento Urbano en todas las zonas del municipio para embellecer el municipio, tenerlo limpio, ordenado, independientemente de la obra p\u00fablica que iniciar\u00e1 a finales de mayo&#8221;, agreg\u00f3.<\/p>\n\n\n\n<p>Este martes los alcaldes de Veracruz y Boca del R\u00edo firmaron un convenio de colaboraci\u00f3n con la CMIC, para que sean constructores locales, qui\u00e9nes realicen la obra p\u00fablica de ambos municipios.<\/p>\n","protected":false},"excerpt":{"rendered":"<p>Alejandro \u00c1vila Boca del R\u00edo, Ver.- Los recursos para obra p\u00fablica en el municipio de Boca del R\u00edo ser\u00e1n limitados, confirm\u00f3 el alcalde Juan Manuel Unanue Abascal; sin embargo, esto no limitar\u00e1 los trabajos del Ayuntamiento en remodelaci\u00f3n y rehabilitaci\u00f3n. S\u00ed bien las colonias populares son la prioridad en el Plan General de Inversi\u00f3n 2021, [&hellip;]<\/p>\n","protected":false},"author":1,"featured_media":26763,"comment_status":"open","ping_status":"open","sticky":false,"template":"","format":"standard","meta":{"_jetpack_memberships_contains_paid_content":false,"footnotes":""},"categories":[2],"tags":[],"class_list":["post-26762","post","type-post","status-publish","format-standard","has-post-thumbnail","hentry","category-estado"],"jetpack_featured_media_url":"https:\/\/encuentroinformativo.com.mx\/wp-content\/uploads\/2022\/05\/A4B00AE0-F5C7-4F0A-983D-2D6DF8C2C1C4.jpeg","jetpack_sharing_enabled":true,"jetpack_likes_enabled":true,"amp_enabled":true,"_links":{"self":[{"href":"https:\/\/encuentroinformativo.com.mx\/index.php?rest_route=\/wp\/v2\/posts\/26762","targetHints":{"allow":["GET"]}}],"collection":[{"href":"https:\/\/encuentroinformativo.com.mx\/index.php?rest_route=\/wp\/v2\/posts"}],"about":[{"href":"https:\/\/encuentroinformativo.com.mx\/index.php?rest_route=\/wp\/v2\/types\/post"}],"author":[{"embeddable":true,"href":"https:\/\/encuentroinformativo.com.mx\/index.php?rest_route=\/wp\/v2\/users\/1"}],"replies":[{"embeddable":true,"href":"https:\/\/encuentroinformativo.com.mx\/index.php?rest_route=%2Fwp%2Fv2%2Fcomments&post=26762"}],"version-history":[{"count":1,"href":"https:\/\/encuentroinformativo.com.mx\/index.php?rest_route=\/wp\/v2\/posts\/26762\/revisions"}],"predecessor-version":[{"id":26764,"href":"https:\/\/encuentroinformativo.com.mx\/index.php?rest_route=\/wp\/v2\/posts\/26762\/revisions\/26764"}],"wp:featuredmedia":[{"embeddable":true,"href":"https:\/\/encuentroinformativo.com.mx\/index.php?rest_route=\/wp\/v2\/media\/26763"}],"wp:attachment":[{"href":"https:\/\/encuentroinformativo.com.mx\/index.php?rest_route=%2Fwp%2Fv2%2Fmedia&parent=26762"}],"wp:term":[{"taxonomy":"category","embeddable":true,"href":"https:\/\/encuentroinformativo.com.mx\/index.php?rest_route=%2Fwp%2Fv2%2Fcategories&post=26762"},{"taxonomy":"post_tag","embeddable":true,"href":"https:\/\/encuentroinformativo.com.mx\/index.php?rest_route=%2Fwp%2Fv2%2Ftags&post=26762"}],"curies":[{"name":"wp","href":"https:\/\/api.w.org\/{rel}","templated":true}]}}