{"id":26765,"date":"2022-05-03T13:57:41","date_gmt":"2022-05-03T18:57:41","guid":{"rendered":"https:\/\/encuentroinformativo.com.mx\/?p=26765"},"modified":"2022-05-03T16:00:16","modified_gmt":"2022-05-03T21:00:16","slug":"modificaran-reglas-de-operacion-del-programa-la-escuela-es-nuestra","status":"publish","type":"post","link":"https:\/\/encuentroinformativo.com.mx\/?p=26765","title":{"rendered":"Modificar\u00e1n reglas de operaci\u00f3n del programa &#8220;La Escuela es Nuestra&#8221;"},"content":{"rendered":"\n<p><strong>Alejandro \u00c1vila<\/strong><\/p>\n\n\n\n<p>Veracruz, Ver.- El delegado federal, Manuel Huerta Ladr\u00f3n de Guevara inform\u00f3 que, el pr\u00f3ximo 5 de mayo dar\u00e1n a conocer las nuevas reglas de operaci\u00f3n del programa &#8220;La Escuela es Nuestra&#8221;, en conjunto con el gobernador Cuitl\u00e1huac Garc\u00eda Jim\u00e9nez.<\/p>\n\n\n\n<p>El funcionario federal detall\u00f3 qu\u00e9 en total se han beneficiado a 8860 escuelas desde el 2019, con una inversi\u00f3n total 2 674 millones 100 mil pesos.<\/p>\n\n\n\n<p>Explic\u00f3 que, el programa aplica en las zonas m\u00e1s pobres, se empiez\u00f3 en la zona ind\u00edgena, posteriormente en la zona rural, y ahora va llegando a la parte urbana; la cobertura ser\u00e1 para todas las escuelas p\u00fablicas del sector b\u00e1sico, preescolar, primaria y secundaria.<\/p>\n\n\n\n<p>Asimismo expreso qu\u00e9, de acuerdo a la matr\u00edcula de estudiantes, se le entrega el recurso a un comit\u00e9 administrativo conformado por los padres de familia.<\/p>\n\n\n\n<p>Manuel Huerta dijo que antes, los montos se daban de la siguiente manera:<\/p>\n\n\n\n<p>Para matr\u00edculas de m\u00e1s de 150 alumnos, se entregaban 500 mil pesos; cuando los alumnos eran de 50 a 150, se entregaban 200 mil pesos; y cuando era menos de 50 alumnos, el comit\u00e9 recib\u00eda 150 mil pesos.<\/p>\n\n\n\n<p>&#8220;Hoy esos montos, qu\u00e9 es lo que vamos a anunciar el 5 de mayo, en una conferencia conjunta con el gobernador, qu\u00e9 va acompa\u00f1ar en el anuncio, van a aumentar los montos, ya los montos van a ser mayores. Porque adem\u00e1s se van a incluir otras modalidades, no solo las mejoras f\u00edsicas que nos entramos mucho durante el COVID, en las infraestructuras hidrosanitarias, para que las escuelas tengan agua y lavabos para que los j\u00f3venes se laven las manos, hoy, las nuevas propuestas, las reglas de operaci\u00f3n incluyen, la posibilidad que los padres puedan decidir sobre la alimentaci\u00f3n de los j\u00f3venes durante las clases, la extensi\u00f3n a los tiempos de horario extendido&#8221;, culmin\u00f3.<\/p>\n","protected":false},"excerpt":{"rendered":"<p>Alejandro \u00c1vila Veracruz, Ver.- El delegado federal, Manuel Huerta Ladr\u00f3n de Guevara inform\u00f3 que, el pr\u00f3ximo 5 de mayo dar\u00e1n a conocer las nuevas reglas de operaci\u00f3n del programa &#8220;La Escuela es Nuestra&#8221;, en conjunto con el gobernador Cuitl\u00e1huac Garc\u00eda Jim\u00e9nez. El funcionario federal detall\u00f3 qu\u00e9 en total se han beneficiado a 8860 escuelas desde [&hellip;]<\/p>\n","protected":false},"author":1,"featured_media":26766,"comment_status":"open","ping_status":"open","sticky":false,"template":"","format":"standard","meta":{"_jetpack_memberships_contains_paid_content":false,"footnotes":""},"categories":[2],"tags":[],"class_list":["post-26765","post","type-post","status-publish","format-standard","has-post-thumbnail","hentry","category-estado"],"jetpack_featured_media_url":"https:\/\/encuentroinformativo.com.mx\/wp-content\/uploads\/2022\/05\/6DD7559A-A63C-45A1-A7B3-7246965E8593.jpeg","jetpack_sharing_enabled":true,"jetpack_likes_enabled":true,"amp_enabled":true,"_links":{"self":[{"href":"https:\/\/encuentroinformativo.com.mx\/index.php?rest_route=\/wp\/v2\/posts\/26765","targetHints":{"allow":["GET"]}}],"collection":[{"href":"https:\/\/encuentroinformativo.com.mx\/index.php?rest_route=\/wp\/v2\/posts"}],"about":[{"href":"https:\/\/encuentroinformativo.com.mx\/index.php?rest_route=\/wp\/v2\/types\/post"}],"author":[{"embeddable":true,"href":"https:\/\/encuentroinformativo.com.mx\/index.php?rest_route=\/wp\/v2\/users\/1"}],"replies":[{"embeddable":true,"href":"https:\/\/encuentroinformativo.com.mx\/index.php?rest_route=%2Fwp%2Fv2%2Fcomments&post=26765"}],"version-history":[{"count":1,"href":"https:\/\/encuentroinformativo.com.mx\/index.php?rest_route=\/wp\/v2\/posts\/26765\/revisions"}],"predecessor-version":[{"id":26767,"href":"https:\/\/encuentroinformativo.com.mx\/index.php?rest_route=\/wp\/v2\/posts\/26765\/revisions\/26767"}],"wp:featuredmedia":[{"embeddable":true,"href":"https:\/\/encuentroinformativo.com.mx\/index.php?rest_route=\/wp\/v2\/media\/26766"}],"wp:attachment":[{"href":"https:\/\/encuentroinformativo.com.mx\/index.php?rest_route=%2Fwp%2Fv2%2Fmedia&parent=26765"}],"wp:term":[{"taxonomy":"category","embeddable":true,"href":"https:\/\/encuentroinformativo.com.mx\/index.php?rest_route=%2Fwp%2Fv2%2Fcategories&post=26765"},{"taxonomy":"post_tag","embeddable":true,"href":"https:\/\/encuentroinformativo.com.mx\/index.php?rest_route=%2Fwp%2Fv2%2Ftags&post=26765"}],"curies":[{"name":"wp","href":"https:\/\/api.w.org\/{rel}","templated":true}]}}