{"id":26768,"date":"2022-05-03T14:29:59","date_gmt":"2022-05-03T19:29:59","guid":{"rendered":"https:\/\/encuentroinformativo.com.mx\/?p=26768"},"modified":"2022-05-03T22:06:50","modified_gmt":"2022-05-04T03:06:50","slug":"celebra-azael-40-anos-como-trabajador-de-la-construccion","status":"publish","type":"post","link":"https:\/\/encuentroinformativo.com.mx\/?p=26768","title":{"rendered":"Celebra Azael 40 a\u00f1os como trabajador de la construcci\u00f3n"},"content":{"rendered":"\n<p><strong>Juan Arcos<\/strong> <\/p>\n\n\n\n<p>Xalapa, Ver.- Azael Guti\u00e9rrez Barrera cumpli\u00f3 40 a\u00f1os dedic\u00e1ndose a la alba\u00f1iler\u00eda, un oficio que le hered\u00f3 y ense\u00f1\u00f3 su difunto padre Juli\u00e1n Guti\u00e9rrez Lara, a quien recuerda con un nudo en la garganta.<\/p>\n\n\n\n<p>\u00c9l comenz\u00f3 a construir y echar colado desde los 16 a\u00f1os. Ahora tiene 56 y cuenta, con orgullo, algunas de sus m\u00e1s sobresalientes an\u00e9cdotas: acontecimientos que lo han marcado f\u00edsica y emocionalmente.<\/p>\n\n\n\n<p>Hace varios a\u00f1os, en la colonia \u00c1lvaro Obreg\u00f3n de esta ciudad de Xalapa, \u201clevant\u00f3\u201d una vivienda, donde presenci\u00f3 un accidente. Cay\u00f3 desde una altura de cuatro metros, resultando con una fractura en el tobillo que le impidi\u00f3 trabajar durante m\u00e1s de seis meses.<\/p>\n\n\n\n<p>\u201cEste pie (izquierdo), lo que es mi tobillo cay\u00f3 encima de una piedra, entonces enseguida se me inflam\u00f3, el patr\u00f3n me permiti\u00f3 trabajar pero solo supervisando la obra, venia con muletas y aqu\u00ed estaba yo un rato\u201d, relata.<\/p>\n\n\n\n<p>Tambi\u00e9n tiene recuerdos satisfactorios. Su empleo, mismo que disfruta y realiza con pasi\u00f3n, hizo posible que dos de sus tres hijos fueran a la universidad y ahora sean profesionistas.<\/p>\n\n\n\n<p>\u201cGracias a Dios tengo tres hijos y uno es ingeniero mec\u00e1nico, trabaja en la Nissan y el otro estudi\u00f3 Medicina, gracias a Dios de esto ha salido para sus estudios. El m\u00e1s chico trabaja en lo mismo que yo, pero ellos no est\u00e1n aqu\u00ed, ellos viven en Canc\u00fan y all\u00e1 trabajan los tres\u201d.<\/p>\n\n\n\n<p>Don Azael es orgullosamente xalape\u00f1o y se considera un esc\u00e9ptico alba\u00f1il, pues la mayor\u00eda de ellos festejan su d\u00eda, el 3 de mayo, acompa\u00f1ando sus alimentos con aguardiente y tabaco.<\/p>\n\n\n\n<p>\u201cNo tomo y no fumo. El que me est\u00e9 oyendo va a decir: bueno, un alba\u00f1il que no toma y no fuma no es alba\u00f1il, pero no fumo y no tomo\u201d, insiste.<\/p>\n\n\n\n<p>Su festejo en el D\u00eda de la Santa Cruz ser\u00e1 un convivio con sus \u201cchalanes\u201d, para degustar ricos platillos y contar las inolvidables historias que han surgido durante d\u00e9cadas de trabajo en la construcci\u00f3n.<\/p>\n\n\n\n<figure class=\"wp-block-image size-large\"><img loading=\"lazy\" decoding=\"async\" width=\"1024\" height=\"768\" src=\"https:\/\/encuentroinformativo.com.mx\/wp-content\/uploads\/2022\/05\/DCC06AD2-E935-42CE-9C82-93BA5446B701-1024x768.jpeg\" alt=\"\" class=\"wp-image-26770\" srcset=\"https:\/\/encuentroinformativo.com.mx\/wp-content\/uploads\/2022\/05\/DCC06AD2-E935-42CE-9C82-93BA5446B701-1024x768.jpeg 1024w, https:\/\/encuentroinformativo.com.mx\/wp-content\/uploads\/2022\/05\/DCC06AD2-E935-42CE-9C82-93BA5446B701-300x225.jpeg 300w, https:\/\/encuentroinformativo.com.mx\/wp-content\/uploads\/2022\/05\/DCC06AD2-E935-42CE-9C82-93BA5446B701-768x576.jpeg 768w, https:\/\/encuentroinformativo.com.mx\/wp-content\/uploads\/2022\/05\/DCC06AD2-E935-42CE-9C82-93BA5446B701.jpeg 1320w\" sizes=\"auto, (max-width: 1024px) 100vw, 1024px\" \/><\/figure>\n","protected":false},"excerpt":{"rendered":"<p>Juan Arcos Xalapa, Ver.- Azael Guti\u00e9rrez Barrera cumpli\u00f3 40 a\u00f1os dedic\u00e1ndose a la alba\u00f1iler\u00eda, un oficio que le hered\u00f3 y ense\u00f1\u00f3 su difunto padre Juli\u00e1n Guti\u00e9rrez Lara, a quien recuerda con un nudo en la garganta. \u00c9l comenz\u00f3 a construir y echar colado desde los 16 a\u00f1os. Ahora tiene 56 y cuenta, con orgullo, algunas [&hellip;]<\/p>\n","protected":false},"author":1,"featured_media":26769,"comment_status":"open","ping_status":"open","sticky":false,"template":"","format":"standard","meta":{"_jetpack_memberships_contains_paid_content":false,"footnotes":""},"categories":[3],"tags":[],"class_list":["post-26768","post","type-post","status-publish","format-standard","has-post-thumbnail","hentry","category-xalapa"],"jetpack_featured_media_url":"https:\/\/encuentroinformativo.com.mx\/wp-content\/uploads\/2022\/05\/69C306BE-05A3-44A9-8D9D-859B026C07AB.jpeg","jetpack_sharing_enabled":true,"jetpack_likes_enabled":true,"amp_enabled":true,"_links":{"self":[{"href":"https:\/\/encuentroinformativo.com.mx\/index.php?rest_route=\/wp\/v2\/posts\/26768","targetHints":{"allow":["GET"]}}],"collection":[{"href":"https:\/\/encuentroinformativo.com.mx\/index.php?rest_route=\/wp\/v2\/posts"}],"about":[{"href":"https:\/\/encuentroinformativo.com.mx\/index.php?rest_route=\/wp\/v2\/types\/post"}],"author":[{"embeddable":true,"href":"https:\/\/encuentroinformativo.com.mx\/index.php?rest_route=\/wp\/v2\/users\/1"}],"replies":[{"embeddable":true,"href":"https:\/\/encuentroinformativo.com.mx\/index.php?rest_route=%2Fwp%2Fv2%2Fcomments&post=26768"}],"version-history":[{"count":1,"href":"https:\/\/encuentroinformativo.com.mx\/index.php?rest_route=\/wp\/v2\/posts\/26768\/revisions"}],"predecessor-version":[{"id":26771,"href":"https:\/\/encuentroinformativo.com.mx\/index.php?rest_route=\/wp\/v2\/posts\/26768\/revisions\/26771"}],"wp:featuredmedia":[{"embeddable":true,"href":"https:\/\/encuentroinformativo.com.mx\/index.php?rest_route=\/wp\/v2\/media\/26769"}],"wp:attachment":[{"href":"https:\/\/encuentroinformativo.com.mx\/index.php?rest_route=%2Fwp%2Fv2%2Fmedia&parent=26768"}],"wp:term":[{"taxonomy":"category","embeddable":true,"href":"https:\/\/encuentroinformativo.com.mx\/index.php?rest_route=%2Fwp%2Fv2%2Fcategories&post=26768"},{"taxonomy":"post_tag","embeddable":true,"href":"https:\/\/encuentroinformativo.com.mx\/index.php?rest_route=%2Fwp%2Fv2%2Ftags&post=26768"}],"curies":[{"name":"wp","href":"https:\/\/api.w.org\/{rel}","templated":true}]}}