{"id":26781,"date":"2022-05-04T11:40:24","date_gmt":"2022-05-04T16:40:24","guid":{"rendered":"https:\/\/encuentroinformativo.com.mx\/?p=26781"},"modified":"2022-05-04T11:40:27","modified_gmt":"2022-05-04T16:40:27","slug":"se-queda-sin-luz-palacio-municipal-de-poza-rica","status":"publish","type":"post","link":"https:\/\/encuentroinformativo.com.mx\/?p=26781","title":{"rendered":"Se queda sin luz Palacio Municipal de Poza Rica"},"content":{"rendered":"\n<p><strong>Alejandro \u00c1vila<\/strong><\/p>\n\n\n\n<p>Poza Rica, Ver.- El Ayuntamiento de Poza Rica inform\u00f3 a la ciudadan\u00eda que, debido a fallas en el servicio de energ\u00eda el\u00e9ctrica suspender\u00edan todas las actividades de atenci\u00f3n a la ciudadan\u00eda en el Palacio Municipal, al menos durante este mi\u00e9rcoles.<\/p>\n\n\n\n<p>Todo servicio de atenci\u00f3n ciudadana y cobros qued\u00f3 suspendido a partir de este mi\u00e9rcoles y hasta nuevo aviso; confirmando, momentos despu\u00e9s, la Comisi\u00f3n Federal de Electricidad (CFE), se encuentra haciendo trabajos de reparaci\u00f3n y mantenimiento en las zonas aleda\u00f1as al Palacio Municipal.<\/p>\n\n\n\n<p>Producto de los trabajos de reparaci\u00f3n de la CFE, tambi\u00e9n se afect\u00f3 el suministro de agua potable en varias colonias de la ciudad, ya que la estaci\u00f3n de bombeo n\u00famero 4 de la Comisi\u00f3n del Agua del Estado de Veracruz (CAEV), tambi\u00e9n perdi\u00f3 la energ\u00eda el\u00e9ctrica.<\/p>\n\n\n\n<p>Debido a esta situaci\u00f3n, las colonias Petromex, Petrolera, Huastecas, Bellavista, 18 de Marzo, Fausto D\u00e1vila, Los Pinos, Vicente Herrera, Ni\u00f1os H\u00e9roes, 10 de Abril y Guadalupe Victoria, se ver\u00e1n afectadas en el bombeo de agua potable.<\/p>\n","protected":false},"excerpt":{"rendered":"<p>Alejandro \u00c1vila Poza Rica, Ver.- El Ayuntamiento de Poza Rica inform\u00f3 a la ciudadan\u00eda que, debido a fallas en el servicio de energ\u00eda el\u00e9ctrica suspender\u00edan todas las actividades de atenci\u00f3n a la ciudadan\u00eda en el Palacio Municipal, al menos durante este mi\u00e9rcoles. Todo servicio de atenci\u00f3n ciudadana y cobros qued\u00f3 suspendido a partir de este [&hellip;]<\/p>\n","protected":false},"author":1,"featured_media":26782,"comment_status":"open","ping_status":"open","sticky":false,"template":"","format":"standard","meta":{"_jetpack_memberships_contains_paid_content":false,"footnotes":""},"categories":[2],"tags":[],"class_list":["post-26781","post","type-post","status-publish","format-standard","has-post-thumbnail","hentry","category-estado"],"jetpack_featured_media_url":"https:\/\/encuentroinformativo.com.mx\/wp-content\/uploads\/2022\/05\/1190D1C9-45DA-49B2-991A-09384AC3609C.jpeg","jetpack_sharing_enabled":true,"jetpack_likes_enabled":true,"amp_enabled":true,"_links":{"self":[{"href":"https:\/\/encuentroinformativo.com.mx\/index.php?rest_route=\/wp\/v2\/posts\/26781","targetHints":{"allow":["GET"]}}],"collection":[{"href":"https:\/\/encuentroinformativo.com.mx\/index.php?rest_route=\/wp\/v2\/posts"}],"about":[{"href":"https:\/\/encuentroinformativo.com.mx\/index.php?rest_route=\/wp\/v2\/types\/post"}],"author":[{"embeddable":true,"href":"https:\/\/encuentroinformativo.com.mx\/index.php?rest_route=\/wp\/v2\/users\/1"}],"replies":[{"embeddable":true,"href":"https:\/\/encuentroinformativo.com.mx\/index.php?rest_route=%2Fwp%2Fv2%2Fcomments&post=26781"}],"version-history":[{"count":1,"href":"https:\/\/encuentroinformativo.com.mx\/index.php?rest_route=\/wp\/v2\/posts\/26781\/revisions"}],"predecessor-version":[{"id":26783,"href":"https:\/\/encuentroinformativo.com.mx\/index.php?rest_route=\/wp\/v2\/posts\/26781\/revisions\/26783"}],"wp:featuredmedia":[{"embeddable":true,"href":"https:\/\/encuentroinformativo.com.mx\/index.php?rest_route=\/wp\/v2\/media\/26782"}],"wp:attachment":[{"href":"https:\/\/encuentroinformativo.com.mx\/index.php?rest_route=%2Fwp%2Fv2%2Fmedia&parent=26781"}],"wp:term":[{"taxonomy":"category","embeddable":true,"href":"https:\/\/encuentroinformativo.com.mx\/index.php?rest_route=%2Fwp%2Fv2%2Fcategories&post=26781"},{"taxonomy":"post_tag","embeddable":true,"href":"https:\/\/encuentroinformativo.com.mx\/index.php?rest_route=%2Fwp%2Fv2%2Ftags&post=26781"}],"curies":[{"name":"wp","href":"https:\/\/api.w.org\/{rel}","templated":true}]}}