{"id":26784,"date":"2022-05-04T11:54:02","date_gmt":"2022-05-04T16:54:02","guid":{"rendered":"https:\/\/encuentroinformativo.com.mx\/?p=26784"},"modified":"2022-05-04T11:54:06","modified_gmt":"2022-05-04T16:54:06","slug":"habra-oficinas-de-cidh-en-cinco-municipios-de-veracruz","status":"publish","type":"post","link":"https:\/\/encuentroinformativo.com.mx\/?p=26784","title":{"rendered":"Habr\u00e1 oficinas de CIDH en cinco municipios de Veracruz"},"content":{"rendered":"\n<p><strong>Alejandro \u00c1vila<\/strong><\/p>\n\n\n\n<p>Veracruz, Ver.- La Comisi\u00f3n Internacional de Derechos Humanos (CIDH) inform\u00f3 que, en pr\u00f3ximas fechas abrir\u00e1n oficinas en 5 municipios del estado de Veracruz.<\/p>\n\n\n\n<p>Las sedes que se tienen contempladas son, Tlalixcoyan, Alvarado, Medell\u00edn de Bravo, Boca del R\u00edo y Veracruz.<\/p>\n\n\n\n<p>&#8220;La primera oficina que se va a abrir, ser\u00e1 en Veracruz, estamos viendo ya la remodelaci\u00f3n de ellas, yo creo que en un mesecito o mes y medio ya estar\u00e1 lista, para las y los veracruzanos&#8221;, apunt\u00f3 Gustavo Mora Baizabal, comisionado Federal del organismo.<\/p>\n\n\n\n<p>Las quejas que los ciudadanos podr\u00e1n presentar ante la Comisi\u00f3n Internacional de los Derechos Humanos (CIDH) corresponder\u00e1n a delitos federales, c\u00f3mo es el caso de agresiones policiales o abusos de autoridad por parte de autoridades del Gobierno Federal o Estatal.<\/p>\n\n\n\n<p>Cabe mencionar qu\u00e9, el Estado de Veracruz presenta un alto \u00edndice de agresi\u00f3n a periodistas por parte de funcionarios p\u00fablicos y el crimen organizado, situaci\u00f3n que tambi\u00e9n podr\u00e1 ser reportada en las sedes de la Comisi\u00f3n Internacional de los Derechos Humanos (CIDH).<\/p>\n","protected":false},"excerpt":{"rendered":"<p>Alejandro \u00c1vila Veracruz, Ver.- La Comisi\u00f3n Internacional de Derechos Humanos (CIDH) inform\u00f3 que, en pr\u00f3ximas fechas abrir\u00e1n oficinas en 5 municipios del estado de Veracruz. Las sedes que se tienen contempladas son, Tlalixcoyan, Alvarado, Medell\u00edn de Bravo, Boca del R\u00edo y Veracruz. &#8220;La primera oficina que se va a abrir, ser\u00e1 en Veracruz, estamos viendo [&hellip;]<\/p>\n","protected":false},"author":1,"featured_media":26785,"comment_status":"open","ping_status":"open","sticky":false,"template":"","format":"standard","meta":{"_jetpack_memberships_contains_paid_content":false,"footnotes":""},"categories":[2],"tags":[],"class_list":["post-26784","post","type-post","status-publish","format-standard","has-post-thumbnail","hentry","category-estado"],"jetpack_featured_media_url":"https:\/\/encuentroinformativo.com.mx\/wp-content\/uploads\/2022\/05\/FDEE41A5-3BDC-4EBB-8C60-CC7FE61172FD.jpeg","jetpack_sharing_enabled":true,"jetpack_likes_enabled":true,"amp_enabled":true,"_links":{"self":[{"href":"https:\/\/encuentroinformativo.com.mx\/index.php?rest_route=\/wp\/v2\/posts\/26784","targetHints":{"allow":["GET"]}}],"collection":[{"href":"https:\/\/encuentroinformativo.com.mx\/index.php?rest_route=\/wp\/v2\/posts"}],"about":[{"href":"https:\/\/encuentroinformativo.com.mx\/index.php?rest_route=\/wp\/v2\/types\/post"}],"author":[{"embeddable":true,"href":"https:\/\/encuentroinformativo.com.mx\/index.php?rest_route=\/wp\/v2\/users\/1"}],"replies":[{"embeddable":true,"href":"https:\/\/encuentroinformativo.com.mx\/index.php?rest_route=%2Fwp%2Fv2%2Fcomments&post=26784"}],"version-history":[{"count":1,"href":"https:\/\/encuentroinformativo.com.mx\/index.php?rest_route=\/wp\/v2\/posts\/26784\/revisions"}],"predecessor-version":[{"id":26786,"href":"https:\/\/encuentroinformativo.com.mx\/index.php?rest_route=\/wp\/v2\/posts\/26784\/revisions\/26786"}],"wp:featuredmedia":[{"embeddable":true,"href":"https:\/\/encuentroinformativo.com.mx\/index.php?rest_route=\/wp\/v2\/media\/26785"}],"wp:attachment":[{"href":"https:\/\/encuentroinformativo.com.mx\/index.php?rest_route=%2Fwp%2Fv2%2Fmedia&parent=26784"}],"wp:term":[{"taxonomy":"category","embeddable":true,"href":"https:\/\/encuentroinformativo.com.mx\/index.php?rest_route=%2Fwp%2Fv2%2Fcategories&post=26784"},{"taxonomy":"post_tag","embeddable":true,"href":"https:\/\/encuentroinformativo.com.mx\/index.php?rest_route=%2Fwp%2Fv2%2Ftags&post=26784"}],"curies":[{"name":"wp","href":"https:\/\/api.w.org\/{rel}","templated":true}]}}